{"id":9984,"date":"2023-12-30T16:11:21","date_gmt":"2023-12-30T15:11:21","guid":{"rendered":"https:\/\/www.ghidini-associati.it\/news-fr\/impatto-economico-di-un-male-oscuro-assuefazione\/"},"modified":"2023-12-30T16:11:21","modified_gmt":"2023-12-30T15:11:21","slug":"impatto-economico-di-un-male-oscuro-assuefazione","status":"publish","type":"post","link":"https:\/\/www.ghidini-associati.it\/fr\/presse\/milano-finanza-fr\/impatto-economico-di-un-male-oscuro-assuefazione\/","title":{"rendered":"L&rsquo;impatto economico di un male oscuro: l&rsquo;assuefazione"},"content":{"rendered":"<p>Propongo un diabolico quesito enigmistico di fine anno. Niente cinismo, solo lucidit\u00e0. Concateniamo alcuni accadimenti, ora affini ora diversi, occorsi nel 2023. Il conflitto russo-ucraino, mediaticamente superato da quello israeliano-palestinese; colossi digitali che, in luogo di creare valore e occupazione, li distruggono a ritmi fulminei (due esempi: Twitter che silura met\u00e0 dei dipendenti e Spotify un quarto); il divorzio fra social network e siti dei quotidiani economico-politici per la cosiddetta de-enfatizzazione dei link (le principali testate americane nel 2023 realizzano solo il 6,5% del loro traffico di news sulle reti sociali); un&rsquo;invadente e incontrollata intelligenza artificiale che, snobbando i social, potrebbe condizionare le elezioni statunitensi, europee, russe e taiwanesi; la stessa AI che oggi genera influencer virtuali, avatar con sempre pi\u00f9 inquietanti sembianze antropomorfiche che si inventano vite (ir)reali ma che conquistano platee e seducono brand, in grado di meglio controllare gli umanoidi, pi\u00f9 fabbricabili e meno imprevedibili degli influenzatori umani; l&rsquo;incessante ascesa di reality show e di giochi televisivi di pura sorte che dilatano il mito del denaro facile senza talento; le valute digitali di Stato, che avanzano lente, scomposte, attorniate da stuoli di dubbi e antinomie, quale inutile scudo alle criptovalute che proseguono indisturbate la loro crescita globale (e altamente inquinante). L&rsquo;elenco sarebbe assai pi\u00f9 lungo ma fermiamoci qui.<\/p>\n<p>Il quesito: che cosa accomuna questi eventi? Non certo la tragicit\u00e0: gli orrori di una guerra non sono neanche vagamente comparabili a pur traumatici licenziamenti massivi. Neppure il predominio della tecnologia, fenomeno noto da tempo. Nemmeno l&rsquo;avidit\u00e0, vizio congenito all&rsquo;umanit\u00e0. Per scovare il comun denominatore basta osservare la generale risposta che le persone come le aziende, i media, gli Stati e, pi\u00f9 in generale, quella che si chiama(va) pubblica opinione danno a questi fatti. Quel denominatore \u00e8 l&rsquo;assuefazione. Un processo di solito lento e graduale, oggi tremendamente rapido grazie alla potenza tecnologica accelerata. Indignazioni, pubbliche condanne, proclami, cortei, manifestazioni e reazioni durano poco e bastano pochi mesi a dissolverne la potenzialit\u00e0 d&rsquo;antidoto. Prevale invece un comune sentire che, nel brevissimo, si abitua a ci\u00f2 che accade. Guardiamo ai conflitti: una forte reazione collettiva e un dibattito intenso nel caso ucraino, sorpassato in meno di tre mesi da quello palestinese, che gi\u00e0 ora sembra entrato in una passiva quotidianit\u00e0. La distruzione occupazionale provocata dalle industrie digitali pare quasi ineluttabile, salvo poi indignarsi, ma per poco, contro licenziamenti di personale delle imprese tradizionali. Social che ripudiano le notizie dei quotidiani passano pressoch\u00e9 sotto silenzio. Ci si abitua all&rsquo;AI e alla sua prepotenza intrusiva e che questa possa falsare l&rsquo;esito di elezioni o che gli influencer siano veri o fatti di pixel diventa presto irrilevante. E non \u00e8, come spesso ingratamente si osserva, un problema giovanile (esistono molti giovani ricchi di talento e di volont\u00e0 di emergere): \u00e8 un fenomeno trasversale a et\u00e0, censo, istruzione.<\/p>\n<p>Discettiamo pure sulle cause del fenomeno ma sarebbe pi\u00f9 utile interrogarsi sulle conseguenze che il processo di assuefazione collettiva sta producendo e produrr\u00e0 sull&rsquo;economia. Se e quando il massacro umano cesser\u00e0, le macerie genereranno nuova produttivit\u00e0? Pu\u00f2 darsi, salvo vedere come, quando e con quali giovamenti per le popolazioni martoriate e salvo domandarsi se nel terzo millennio, dove si coltivano &#8211; almeno a parole &#8211; obiettivi di inclusione e sostenibilit\u00e0, abbia un senso accettare che lo strumento bellico sia un fattore produttivo. Nel frattempo la guerra genera danni non solo ai Paesi coinvolti (poco meno di 340 miliardi la somma fra Russia e Ucraina); ne soffrono anche le filiere di fabbricazione dei Paesi terzi sempre pi\u00f9 a corto di materie prime, energia, risorse alimentari. Il prevalere della cultura di rete che rigetta la notizia politica o economica porterebbe a una gravissima contrazione, se non alla progressiva ma non remota sparizione, dell&rsquo;informazione indipendente, baluardo democratico che crea professionalit\u00e0, valore e ricchezza. Gli stessi social rischiano di essere annientati da un&rsquo;intelligenza artificiale che mette a repentaglio, oltre al personale che vi opera, il perverso disegno di unificazione intellettuale che le reti perseguono. Nello stesso modo l&rsquo;influencer, mestiere nato dal nulla ma che contribuisce a far consumo, sar\u00e0 rapidamente archiviato da un&rsquo;automazione intelligente, controllabile, insensibile. In un mondo dove prende sempre pi\u00f9 mostruosa forma un pensiero unico, privo di un preciso colore politico, un mondo dove la logica del gregge tocca il suo strabiliante apice, anche lo stimolo consumeristico si affievolisce, la ricerca del lavoro cala sostituita dalla corsa all&rsquo;oro facile.<br \/>\nE i governi nazionali e sovranazionali? Simili ai loro cittadini (o sudditi?), sbraitano, proclamano, decretano, sempre senza una visione che non superi la prossima tornata elettorale, infatuati di un qualche miracoloso progetto, incapaci di creare una strategia di reale sostenibilit\u00e0 a lungo termine.<\/p>\n<p>Questa diagnosi non \u00e8 diversa dalla sintesi del 57\u00b0 rapporto Censis: \u00abLa societ\u00e0 italiana sembra affetta da un sonnambulismo diffuso, precipitata in un sonno profondo del calcolo raziocinante che servirebbe per affrontare dinamiche strutturali, di lungo periodo, dagli effetti potenzialmente funesti\u00bb. La terapia? Dare alla giovent\u00f9 talentuosa maggiori stimoli economici, contrarre la diseguaglianza reddituale, preservare le popolazioni dal virus dell&rsquo;assuefazione. Semprech\u00e9 i destinatari non preferiscano assuefarsi al sonnambulismo psichico, forse voluto dai poteri forti dell&rsquo;economia mondiale, a loro volta preda di un&rsquo;assuefazione autolesionistica. Difatti anche i sonnambuli veri, di giorno o di notte, devono pur vivere. E di sogni non si vive.<\/p>\n<p style=\"text-align: right;\"><strong>Emilio Girino<\/strong><br \/>\n<strong>Thomson Reuters\u00a9<\/strong><br \/>\n<strong>Stand-out Lawyer 2023<\/strong><\/p>\n<p><span class=\"fa fa-file-pdf-o\"><a href=\"\/sala_stampa\/testata_milano_finanza\/2023_MF_30_12.pdf\" target=\"_blank\" rel=\"noopener noreferrer\">articolo in PDF<\/a><\/span><\/p>\n","protected":false},"excerpt":{"rendered":"<p>Propongo un diabolico quesito enigmistico di fine anno. Niente cinismo, solo lucidit\u00e0. Concateniamo alcuni accadimenti, ora affini ora diversi, occorsi nel 2023. Il conflitto russo-ucraino, mediaticamente superato da quello israeliano-palestinese; colossi digitali che, in luogo di creare valore e occupazione, li distruggono a ritmi fulminei (due esempi: Twitter che silura met\u00e0 dei dipendenti e Spotify<\/p><\/div>\n<div class=\"blog-btn\"><a href=\"https:\/\/www.ghidini-associati.it\/fr\/presse\/milano-finanza-fr\/impatto-economico-di-un-male-oscuro-assuefazione\/\" class=\"home-blog-btn\">Lire la suite<\/a><\/p>\n","protected":false},"author":5,"featured_media":9976,"comment_status":"closed","ping_status":"closed","sticky":false,"template":"","format":"standard","meta":{"footnotes":""},"categories":[65],"tags":[],"class_list":["post-9984","post","type-post","status-publish","format-standard","has-post-thumbnail","hentry","category-milano-finanza-fr"],"yoast_head":"<!-- This site is optimized with the Yoast SEO plugin v27.5 - https:\/\/yoast.com\/product\/yoast-seo-wordpress\/ -->\n<title>L&#039;impatto economico di un male oscuro: l&#039;assuefazione - Studio Ghidini, Girino &amp; Associati<\/title>\n<meta name=\"description\" content=\"Propongo un diabolico quesito enigmistico di fine anno. Niente cinismo, solo lucidit\u00e0. Concateniamo alcuni accadimenti, ora affini ora diversi, occorsi\" \/>\n<meta name=\"robots\" content=\"index, follow, max-snippet:-1, max-image-preview:large, max-video-preview:-1\" \/>\n<link rel=\"canonical\" href=\"https:\/\/www.ghidini-associati.it\/fr\/news-fr\/impatto-economico-di-un-male-oscuro-assuefazione\/\" \/>\n<meta property=\"og:locale\" content=\"fr_FR\" \/>\n<meta property=\"og:type\" content=\"article\" \/>\n<meta property=\"og:title\" content=\"L&#039;impatto economico di un male oscuro: l&#039;assuefazione - Studio Ghidini, Girino &amp; Associati\" \/>\n<meta property=\"og:description\" content=\"Propongo un diabolico quesito enigmistico di fine anno. Niente cinismo, solo lucidit\u00e0. Concateniamo alcuni accadimenti, ora affini ora diversi, occorsi\" \/>\n<meta property=\"og:url\" content=\"https:\/\/www.ghidini-associati.it\/fr\/news-fr\/impatto-economico-di-un-male-oscuro-assuefazione\/\" \/>\n<meta property=\"og:site_name\" content=\"Studio Ghidini, Girino &amp; Associati\" \/>\n<meta property=\"article:published_time\" content=\"2023-12-30T15:11:21+00:00\" \/>\n<meta name=\"author\" content=\"Emilio Girino\" \/>\n<meta name=\"twitter:card\" content=\"summary_large_image\" \/>\n<meta name=\"twitter:label1\" content=\"\u00c9crit par\" \/>\n\t<meta name=\"twitter:data1\" content=\"Emilio Girino\" \/>\n\t<meta name=\"twitter:label2\" content=\"Dur\u00e9e de lecture estim\u00e9e\" \/>\n\t<meta name=\"twitter:data2\" content=\"4 minutes\" \/>\n<script type=\"application\/ld+json\" class=\"yoast-schema-graph\">{\"@context\":\"https:\\\/\\\/schema.org\",\"@graph\":[{\"@type\":\"Article\",\"@id\":\"https:\\\/\\\/www.ghidini-associati.it\\\/fr\\\/news-fr\\\/impatto-economico-di-un-male-oscuro-assuefazione\\\/#article\",\"isPartOf\":{\"@id\":\"https:\\\/\\\/www.ghidini-associati.it\\\/fr\\\/news-fr\\\/impatto-economico-di-un-male-oscuro-assuefazione\\\/\"},\"author\":{\"name\":\"Emilio Girino\",\"@id\":\"https:\\\/\\\/www.ghidini-associati.it\\\/fr\\\/#\\\/schema\\\/person\\\/3b5d07c8d40b4229615fa815749b8716\"},\"headline\":\"L&rsquo;impatto economico di un male oscuro: l&rsquo;assuefazione\",\"datePublished\":\"2023-12-30T15:11:21+00:00\",\"mainEntityOfPage\":{\"@id\":\"https:\\\/\\\/www.ghidini-associati.it\\\/fr\\\/news-fr\\\/impatto-economico-di-un-male-oscuro-assuefazione\\\/\"},\"wordCount\":895,\"publisher\":{\"@id\":\"https:\\\/\\\/www.ghidini-associati.it\\\/fr\\\/#organization\"},\"image\":{\"@id\":\"https:\\\/\\\/www.ghidini-associati.it\\\/fr\\\/news-fr\\\/impatto-economico-di-un-male-oscuro-assuefazione\\\/#primaryimage\"},\"thumbnailUrl\":\"https:\\\/\\\/www.ghidini-associati.it\\\/wp-content\\\/uploads\\\/2023\\\/12\\\/09.01.20242.jpg\",\"articleSection\":[\"Milano Finanza\"],\"inLanguage\":\"fr-FR\"},{\"@type\":\"WebPage\",\"@id\":\"https:\\\/\\\/www.ghidini-associati.it\\\/fr\\\/news-fr\\\/impatto-economico-di-un-male-oscuro-assuefazione\\\/\",\"url\":\"https:\\\/\\\/www.ghidini-associati.it\\\/fr\\\/news-fr\\\/impatto-economico-di-un-male-oscuro-assuefazione\\\/\",\"name\":\"L'impatto economico di un male oscuro: l'assuefazione - Studio Ghidini, Girino &amp; Associati\",\"isPartOf\":{\"@id\":\"https:\\\/\\\/www.ghidini-associati.it\\\/fr\\\/#website\"},\"primaryImageOfPage\":{\"@id\":\"https:\\\/\\\/www.ghidini-associati.it\\\/fr\\\/news-fr\\\/impatto-economico-di-un-male-oscuro-assuefazione\\\/#primaryimage\"},\"image\":{\"@id\":\"https:\\\/\\\/www.ghidini-associati.it\\\/fr\\\/news-fr\\\/impatto-economico-di-un-male-oscuro-assuefazione\\\/#primaryimage\"},\"thumbnailUrl\":\"https:\\\/\\\/www.ghidini-associati.it\\\/wp-content\\\/uploads\\\/2023\\\/12\\\/09.01.20242.jpg\",\"datePublished\":\"2023-12-30T15:11:21+00:00\",\"description\":\"Propongo un diabolico quesito enigmistico di fine anno. Niente cinismo, solo lucidit\u00e0. Concateniamo alcuni accadimenti, ora affini ora diversi, occorsi\",\"breadcrumb\":{\"@id\":\"https:\\\/\\\/www.ghidini-associati.it\\\/fr\\\/news-fr\\\/impatto-economico-di-un-male-oscuro-assuefazione\\\/#breadcrumb\"},\"inLanguage\":\"fr-FR\",\"potentialAction\":[{\"@type\":\"ReadAction\",\"target\":[\"https:\\\/\\\/www.ghidini-associati.it\\\/fr\\\/news-fr\\\/impatto-economico-di-un-male-oscuro-assuefazione\\\/\"]}]},{\"@type\":\"ImageObject\",\"inLanguage\":\"fr-FR\",\"@id\":\"https:\\\/\\\/www.ghidini-associati.it\\\/fr\\\/news-fr\\\/impatto-economico-di-un-male-oscuro-assuefazione\\\/#primaryimage\",\"url\":\"https:\\\/\\\/www.ghidini-associati.it\\\/wp-content\\\/uploads\\\/2023\\\/12\\\/09.01.20242.jpg\",\"contentUrl\":\"https:\\\/\\\/www.ghidini-associati.it\\\/wp-content\\\/uploads\\\/2023\\\/12\\\/09.01.20242.jpg\",\"width\":2000,\"height\":2000},{\"@type\":\"BreadcrumbList\",\"@id\":\"https:\\\/\\\/www.ghidini-associati.it\\\/fr\\\/news-fr\\\/impatto-economico-di-un-male-oscuro-assuefazione\\\/#breadcrumb\",\"itemListElement\":[{\"@type\":\"ListItem\",\"position\":1,\"name\":\"Home\",\"item\":\"https:\\\/\\\/www.ghidini-associati.it\\\/fr\\\/\"},{\"@type\":\"ListItem\",\"position\":2,\"name\":\"News\",\"item\":\"https:\\\/\\\/www.ghidini-associati.it\\\/fr\\\/category\\\/news-fr\\\/\"},{\"@type\":\"ListItem\",\"position\":3,\"name\":\"L&rsquo;impatto economico di un male oscuro: l&rsquo;assuefazione\"}]},{\"@type\":\"WebSite\",\"@id\":\"https:\\\/\\\/www.ghidini-associati.it\\\/fr\\\/#website\",\"url\":\"https:\\\/\\\/www.ghidini-associati.it\\\/fr\\\/\",\"name\":\"Studio Ghidini, Girino &amp; Associati\",\"description\":\"\",\"publisher\":{\"@id\":\"https:\\\/\\\/www.ghidini-associati.it\\\/fr\\\/#organization\"},\"potentialAction\":[{\"@type\":\"SearchAction\",\"target\":{\"@type\":\"EntryPoint\",\"urlTemplate\":\"https:\\\/\\\/www.ghidini-associati.it\\\/fr\\\/?s={search_term_string}\"},\"query-input\":{\"@type\":\"PropertyValueSpecification\",\"valueRequired\":true,\"valueName\":\"search_term_string\"}}],\"inLanguage\":\"fr-FR\"},{\"@type\":\"Organization\",\"@id\":\"https:\\\/\\\/www.ghidini-associati.it\\\/fr\\\/#organization\",\"name\":\"Studio Ghidini, Girino & Associati\",\"url\":\"https:\\\/\\\/www.ghidini-associati.it\\\/fr\\\/\",\"logo\":{\"@type\":\"ImageObject\",\"inLanguage\":\"fr-FR\",\"@id\":\"https:\\\/\\\/www.ghidini-associati.it\\\/fr\\\/#\\\/schema\\\/logo\\\/image\\\/\",\"url\":\"https:\\\/\\\/www.ghidini-associati.it\\\/wp-content\\\/uploads\\\/2019\\\/02\\\/logo-trasp-small.png\",\"contentUrl\":\"https:\\\/\\\/www.ghidini-associati.it\\\/wp-content\\\/uploads\\\/2019\\\/02\\\/logo-trasp-small.png\",\"width\":450,\"height\":84,\"caption\":\"Studio Ghidini, Girino & Associati\"},\"image\":{\"@id\":\"https:\\\/\\\/www.ghidini-associati.it\\\/fr\\\/#\\\/schema\\\/logo\\\/image\\\/\"}},{\"@type\":\"Person\",\"@id\":\"https:\\\/\\\/www.ghidini-associati.it\\\/fr\\\/#\\\/schema\\\/person\\\/3b5d07c8d40b4229615fa815749b8716\",\"name\":\"Emilio Girino\",\"image\":{\"@type\":\"ImageObject\",\"inLanguage\":\"fr-FR\",\"@id\":\"https:\\\/\\\/secure.gravatar.com\\\/avatar\\\/02469821bfee53ee34d2c4e8b5e6c6708af3f8e3a72342c672498f7616dc83a5?s=96&r=g\",\"url\":\"https:\\\/\\\/secure.gravatar.com\\\/avatar\\\/02469821bfee53ee34d2c4e8b5e6c6708af3f8e3a72342c672498f7616dc83a5?s=96&r=g\",\"contentUrl\":\"https:\\\/\\\/secure.gravatar.com\\\/avatar\\\/02469821bfee53ee34d2c4e8b5e6c6708af3f8e3a72342c672498f7616dc83a5?s=96&r=g\",\"caption\":\"Emilio Girino\"},\"description\":\"Nato a Casale Monferrato il 18 novembre 1962, alunno del Collegio Ghislieri, si \u00e8 laureato con lode all\u2019Universit\u00e0 di Pavia nel 1985. Allievo del Prof. Ghidini e suo stretto collaboratore da oltre trentacinque anni, \u00e8 divenuto socio dello Studio sin dalla sua fondazione e riveste il ruolo di managing partner. \u00c8 iscritto all\u2019ordine degli Avvocati di Milano dal 1990. Nell\u2019ambito dello Studio, si occupa prevalentemente delle problematiche bancarie, finanziarie, contrattuali, e societarie.\"}]}<\/script>\n<!-- \/ Yoast SEO plugin. -->","yoast_head_json":{"title":"L'impatto economico di un male oscuro: l'assuefazione - Studio Ghidini, Girino &amp; Associati","description":"Propongo un diabolico quesito enigmistico di fine anno. Niente cinismo, solo lucidit\u00e0. Concateniamo alcuni accadimenti, ora affini ora diversi, occorsi","robots":{"index":"index","follow":"follow","max-snippet":"max-snippet:-1","max-image-preview":"max-image-preview:large","max-video-preview":"max-video-preview:-1"},"canonical":"https:\/\/www.ghidini-associati.it\/fr\/news-fr\/impatto-economico-di-un-male-oscuro-assuefazione\/","og_locale":"fr_FR","og_type":"article","og_title":"L'impatto economico di un male oscuro: l'assuefazione - Studio Ghidini, Girino &amp; Associati","og_description":"Propongo un diabolico quesito enigmistico di fine anno. Niente cinismo, solo lucidit\u00e0. Concateniamo alcuni accadimenti, ora affini ora diversi, occorsi","og_url":"https:\/\/www.ghidini-associati.it\/fr\/news-fr\/impatto-economico-di-un-male-oscuro-assuefazione\/","og_site_name":"Studio Ghidini, Girino &amp; Associati","article_published_time":"2023-12-30T15:11:21+00:00","author":"Emilio Girino","twitter_card":"summary_large_image","twitter_misc":{"\u00c9crit par":"Emilio Girino","Dur\u00e9e de lecture estim\u00e9e":"4 minutes"},"schema":{"@context":"https:\/\/schema.org","@graph":[{"@type":"Article","@id":"https:\/\/www.ghidini-associati.it\/fr\/news-fr\/impatto-economico-di-un-male-oscuro-assuefazione\/#article","isPartOf":{"@id":"https:\/\/www.ghidini-associati.it\/fr\/news-fr\/impatto-economico-di-un-male-oscuro-assuefazione\/"},"author":{"name":"Emilio Girino","@id":"https:\/\/www.ghidini-associati.it\/fr\/#\/schema\/person\/3b5d07c8d40b4229615fa815749b8716"},"headline":"L&rsquo;impatto economico di un male oscuro: l&rsquo;assuefazione","datePublished":"2023-12-30T15:11:21+00:00","mainEntityOfPage":{"@id":"https:\/\/www.ghidini-associati.it\/fr\/news-fr\/impatto-economico-di-un-male-oscuro-assuefazione\/"},"wordCount":895,"publisher":{"@id":"https:\/\/www.ghidini-associati.it\/fr\/#organization"},"image":{"@id":"https:\/\/www.ghidini-associati.it\/fr\/news-fr\/impatto-economico-di-un-male-oscuro-assuefazione\/#primaryimage"},"thumbnailUrl":"https:\/\/www.ghidini-associati.it\/wp-content\/uploads\/2023\/12\/09.01.20242.jpg","articleSection":["Milano Finanza"],"inLanguage":"fr-FR"},{"@type":"WebPage","@id":"https:\/\/www.ghidini-associati.it\/fr\/news-fr\/impatto-economico-di-un-male-oscuro-assuefazione\/","url":"https:\/\/www.ghidini-associati.it\/fr\/news-fr\/impatto-economico-di-un-male-oscuro-assuefazione\/","name":"L'impatto economico di un male oscuro: l'assuefazione - Studio Ghidini, Girino &amp; Associati","isPartOf":{"@id":"https:\/\/www.ghidini-associati.it\/fr\/#website"},"primaryImageOfPage":{"@id":"https:\/\/www.ghidini-associati.it\/fr\/news-fr\/impatto-economico-di-un-male-oscuro-assuefazione\/#primaryimage"},"image":{"@id":"https:\/\/www.ghidini-associati.it\/fr\/news-fr\/impatto-economico-di-un-male-oscuro-assuefazione\/#primaryimage"},"thumbnailUrl":"https:\/\/www.ghidini-associati.it\/wp-content\/uploads\/2023\/12\/09.01.20242.jpg","datePublished":"2023-12-30T15:11:21+00:00","description":"Propongo un diabolico quesito enigmistico di fine anno. Niente cinismo, solo lucidit\u00e0. Concateniamo alcuni accadimenti, ora affini ora diversi, occorsi","breadcrumb":{"@id":"https:\/\/www.ghidini-associati.it\/fr\/news-fr\/impatto-economico-di-un-male-oscuro-assuefazione\/#breadcrumb"},"inLanguage":"fr-FR","potentialAction":[{"@type":"ReadAction","target":["https:\/\/www.ghidini-associati.it\/fr\/news-fr\/impatto-economico-di-un-male-oscuro-assuefazione\/"]}]},{"@type":"ImageObject","inLanguage":"fr-FR","@id":"https:\/\/www.ghidini-associati.it\/fr\/news-fr\/impatto-economico-di-un-male-oscuro-assuefazione\/#primaryimage","url":"https:\/\/www.ghidini-associati.it\/wp-content\/uploads\/2023\/12\/09.01.20242.jpg","contentUrl":"https:\/\/www.ghidini-associati.it\/wp-content\/uploads\/2023\/12\/09.01.20242.jpg","width":2000,"height":2000},{"@type":"BreadcrumbList","@id":"https:\/\/www.ghidini-associati.it\/fr\/news-fr\/impatto-economico-di-un-male-oscuro-assuefazione\/#breadcrumb","itemListElement":[{"@type":"ListItem","position":1,"name":"Home","item":"https:\/\/www.ghidini-associati.it\/fr\/"},{"@type":"ListItem","position":2,"name":"News","item":"https:\/\/www.ghidini-associati.it\/fr\/category\/news-fr\/"},{"@type":"ListItem","position":3,"name":"L&rsquo;impatto economico di un male oscuro: l&rsquo;assuefazione"}]},{"@type":"WebSite","@id":"https:\/\/www.ghidini-associati.it\/fr\/#website","url":"https:\/\/www.ghidini-associati.it\/fr\/","name":"Studio Ghidini, Girino &amp; Associati","description":"","publisher":{"@id":"https:\/\/www.ghidini-associati.it\/fr\/#organization"},"potentialAction":[{"@type":"SearchAction","target":{"@type":"EntryPoint","urlTemplate":"https:\/\/www.ghidini-associati.it\/fr\/?s={search_term_string}"},"query-input":{"@type":"PropertyValueSpecification","valueRequired":true,"valueName":"search_term_string"}}],"inLanguage":"fr-FR"},{"@type":"Organization","@id":"https:\/\/www.ghidini-associati.it\/fr\/#organization","name":"Studio Ghidini, Girino & Associati","url":"https:\/\/www.ghidini-associati.it\/fr\/","logo":{"@type":"ImageObject","inLanguage":"fr-FR","@id":"https:\/\/www.ghidini-associati.it\/fr\/#\/schema\/logo\/image\/","url":"https:\/\/www.ghidini-associati.it\/wp-content\/uploads\/2019\/02\/logo-trasp-small.png","contentUrl":"https:\/\/www.ghidini-associati.it\/wp-content\/uploads\/2019\/02\/logo-trasp-small.png","width":450,"height":84,"caption":"Studio Ghidini, Girino & Associati"},"image":{"@id":"https:\/\/www.ghidini-associati.it\/fr\/#\/schema\/logo\/image\/"}},{"@type":"Person","@id":"https:\/\/www.ghidini-associati.it\/fr\/#\/schema\/person\/3b5d07c8d40b4229615fa815749b8716","name":"Emilio Girino","image":{"@type":"ImageObject","inLanguage":"fr-FR","@id":"https:\/\/secure.gravatar.com\/avatar\/02469821bfee53ee34d2c4e8b5e6c6708af3f8e3a72342c672498f7616dc83a5?s=96&r=g","url":"https:\/\/secure.gravatar.com\/avatar\/02469821bfee53ee34d2c4e8b5e6c6708af3f8e3a72342c672498f7616dc83a5?s=96&r=g","contentUrl":"https:\/\/secure.gravatar.com\/avatar\/02469821bfee53ee34d2c4e8b5e6c6708af3f8e3a72342c672498f7616dc83a5?s=96&r=g","caption":"Emilio Girino"},"description":"Nato a Casale Monferrato il 18 novembre 1962, alunno del Collegio Ghislieri, si \u00e8 laureato con lode all\u2019Universit\u00e0 di Pavia nel 1985. Allievo del Prof. Ghidini e suo stretto collaboratore da oltre trentacinque anni, \u00e8 divenuto socio dello Studio sin dalla sua fondazione e riveste il ruolo di managing partner. \u00c8 iscritto all\u2019ordine degli Avvocati di Milano dal 1990. Nell\u2019ambito dello Studio, si occupa prevalentemente delle problematiche bancarie, finanziarie, contrattuali, e societarie."}]}},"_links":{"self":[{"href":"https:\/\/www.ghidini-associati.it\/fr\/wp-json\/wp\/v2\/posts\/9984","targetHints":{"allow":["GET"]}}],"collection":[{"href":"https:\/\/www.ghidini-associati.it\/fr\/wp-json\/wp\/v2\/posts"}],"about":[{"href":"https:\/\/www.ghidini-associati.it\/fr\/wp-json\/wp\/v2\/types\/post"}],"author":[{"embeddable":true,"href":"https:\/\/www.ghidini-associati.it\/fr\/wp-json\/wp\/v2\/users\/5"}],"replies":[{"embeddable":true,"href":"https:\/\/www.ghidini-associati.it\/fr\/wp-json\/wp\/v2\/comments?post=9984"}],"version-history":[{"count":0,"href":"https:\/\/www.ghidini-associati.it\/fr\/wp-json\/wp\/v2\/posts\/9984\/revisions"}],"wp:featuredmedia":[{"embeddable":true,"href":"https:\/\/www.ghidini-associati.it\/fr\/wp-json\/wp\/v2\/media\/9976"}],"wp:attachment":[{"href":"https:\/\/www.ghidini-associati.it\/fr\/wp-json\/wp\/v2\/media?parent=9984"}],"wp:term":[{"taxonomy":"category","embeddable":true,"href":"https:\/\/www.ghidini-associati.it\/fr\/wp-json\/wp\/v2\/categories?post=9984"},{"taxonomy":"post_tag","embeddable":true,"href":"https:\/\/www.ghidini-associati.it\/fr\/wp-json\/wp\/v2\/tags?post=9984"}],"curies":[{"name":"wp","href":"https:\/\/api.w.org\/{rel}","templated":true}]}}