{"id":9603,"date":"2023-07-20T19:03:49","date_gmt":"2023-07-20T17:03:49","guid":{"rendered":"https:\/\/www.ghidini-associati.it\/news-fr\/il-caso-scott-morton-puo-frenare-vestager-alla-bei\/"},"modified":"2023-08-03T19:15:00","modified_gmt":"2023-08-03T17:15:00","slug":"il-caso-scott-morton-puo-frenare-vestager-alla-bei","status":"publish","type":"post","link":"https:\/\/www.ghidini-associati.it\/fr\/presse\/milano-finanza-fr\/il-caso-scott-morton-puo-frenare-vestager-alla-bei\/","title":{"rendered":"Il caso Scott Morton pu\u00f2 frenare Vestager alla Bei"},"content":{"rendered":"<p>Il caso Scott Morton pu\u00f2 frenare Vestager alla Bei L\u2019 accademica statunitense Fiona Scott Morton ha deciso di rinunciare all&rsquo;incarico di capo economista nella Direzione generale Concorrenza alla Commissione europea. <\/p>\n<p>Ad annunciare il passo indietro \u00e8 stata la vicepresidente dell\u2019esecutivo comunitario, Margrethe Vestager. La decisione dell\u2019economista \u00e8 maturata dopo il fuoco di fila, soprattutto da parte francese, che ha accompagnato la sua designazione. \u00abData la controversia politica che \u00e8 sorta a causa della selezione di un non europeo per ricoprire questa posizione, e l&rsquo;importanza che la Direzione generale abbia il pieno sostegno dell&rsquo;Unione europea nella sua azione, ho deciso che la migliore linea d&rsquo;azione \u00e8 ritirarmi e non assumere la posizione di capo economista\u00bb, ha scritto Scott Morton in una lettera indirizzata a Vestager. La presa di posizione pi\u00f9 significativa contro Scott Morton \u00e8 stata quella del presidente francese Emmanuel Macron:\u00abPenso che gli europei debbano sviluppare competenze europee, avere autonomia strategica, dobbiamo avere autonomia di pensiero\u00bb.<\/p>\n<p>Al Parlamento europeo i presidenti dei gruppi dei Popolari, dei Socialisti, di Renew Europee dei Verdi avevano scritto alla Commissione sollecitando una revisione della decisione. Oltre alla nazionalit\u00e0 all\u2019economista statunitense \u00e8 stato contestato anche un possibile conflitto di interessi per le consulenze avute in passato con i colossi digitali Usa come Microsoft e Apple. Trascorsi professionali che, per gli estimatori di Scott Morton, potevano essere un vantaggio nell\u2019incarico, portando nel proprio ruolo esperienza diretta del mondo Big Tech.Il passo indietro arriva nelle stesse ore in cui, secondo quanto riportato da indiscrezioni del Financial Times, la Commissione sta per aprire un dossier contro Microsoft relativo a una ipotetica posizione dominante legata a Teams.<\/p>\n<p>La pressione mediatica \u00e8 considerata una delle ragioni del passo di lato. Sia da parte di Scott Morton sia da parte della stessa Vestager, in piena corsa per la presidenza della Banca europea degli investimenti e la cui candidatura, per andare in porto, deve ricevere il benestare di un buon numero di cancellerie tra i 27Stati membri. Un ipotetico collegamento tra la possibile uscita anticipata di Vestager e l\u2019arrivo, ora sfumato di Scott Morton, non \u00e8 stato escluso dal professor Gustavo Ghidini, emerito dell\u2019Universit\u00e0 di Milano e senior professor della Luiss. <\/p>\n<p>Secondo lo studioso \u00abquel link pu\u00f2 ravvisarsi in termini di continuit\u00e0 di policy rispetto all\u2019ostilit\u00e0 a rimedi strutturali (scorpori, blocchi di acquisizioni e altri) nei confronti dei Big Tech. Va ricordato, prosegue Ghidini, che \u00abuna tale posizione -manifestata da Scott Morton in un articolo ospitato su un giornale americano- coincide con quella gi\u00e0 apertamente sostenuta da Vestager\u00bb. La rinuncia pu\u00f2 essere letta come la vittoria di quanti paventavano che la nomina potesse trasferire in Europa la lotta anti-regolatoria portata avanti negli Usa. \u00abIl chief economist, pur se molto autorevole, non canta degliassolo, bens\u00ec riporta al direttore generale ed \u00e8 ascoltato se solleva questioni tecniche condivisibili\u00bb, sottolinea Ghidini. \u00abInoltre i \u2018casi\u2019 sono costruiti \u2018dal basso\u2019 , da team istruttori generalmente molto qualificati.<\/p>\n<p><span class=\"fa fa-file-pdf-o\"><a href=\"\/sala_stampa\/testata_milano_finanza\/MF_20_07_2023.pdf\" target=\"_blank\" rel=\"noopener noreferrer\">articolo in PDF<\/a><\/span><\/p>\n","protected":false},"excerpt":{"rendered":"<p>Il caso Scott Morton pu\u00f2 frenare Vestager alla Bei L\u2019 accademica statunitense Fiona Scott Morton ha deciso di rinunciare all&rsquo;incarico di capo economista nella Direzione generale Concorrenza alla Commissione europea. Ad annunciare il passo indietro \u00e8 stata la vicepresidente dell\u2019esecutivo comunitario, Margrethe Vestager. La decisione dell\u2019economista \u00e8 maturata dopo il fuoco di fila, soprattutto da<\/p><\/div>\n<div class=\"blog-btn\"><a href=\"https:\/\/www.ghidini-associati.it\/fr\/presse\/milano-finanza-fr\/il-caso-scott-morton-puo-frenare-vestager-alla-bei\/\" class=\"home-blog-btn\">Lire la suite<\/a><\/p>\n","protected":false},"author":4,"featured_media":9578,"comment_status":"closed","ping_status":"closed","sticky":false,"template":"","format":"standard","meta":{"footnotes":""},"categories":[65],"tags":[],"class_list":["post-9603","post","type-post","status-publish","format-standard","has-post-thumbnail","hentry","category-milano-finanza-fr"],"yoast_head":"<!-- This site is optimized with the Yoast SEO plugin v27.5 - https:\/\/yoast.com\/product\/yoast-seo-wordpress\/ -->\n<title>Il caso Scott Morton pu\u00f2 frenare Vestager alla Bei - Studio Ghidini, Girino &amp; Associati<\/title>\n<meta name=\"description\" content=\"Il caso Scott Morton pu\u00f2 frenare Vestager alla Bei L\u2019 accademica statunitense Fiona Scott Morton ha deciso di rinunciare all&#039;incarico di capo economista\" \/>\n<meta name=\"robots\" content=\"index, follow, max-snippet:-1, max-image-preview:large, max-video-preview:-1\" \/>\n<link rel=\"canonical\" href=\"https:\/\/www.ghidini-associati.it\/fr\/presse\/milano-finanza-fr\/il-caso-scott-morton-puo-frenare-vestager-alla-bei\/\" \/>\n<meta property=\"og:locale\" content=\"fr_FR\" \/>\n<meta property=\"og:type\" content=\"article\" \/>\n<meta property=\"og:title\" content=\"Il caso Scott Morton pu\u00f2 frenare Vestager alla Bei - Studio Ghidini, Girino &amp; Associati\" \/>\n<meta property=\"og:description\" content=\"Il caso Scott Morton pu\u00f2 frenare Vestager alla Bei L\u2019 accademica statunitense Fiona Scott Morton ha deciso di rinunciare all&#039;incarico di capo economista\" \/>\n<meta property=\"og:url\" content=\"https:\/\/www.ghidini-associati.it\/fr\/presse\/milano-finanza-fr\/il-caso-scott-morton-puo-frenare-vestager-alla-bei\/\" \/>\n<meta property=\"og:site_name\" content=\"Studio Ghidini, Girino &amp; Associati\" \/>\n<meta property=\"article:published_time\" content=\"2023-07-20T17:03:49+00:00\" \/>\n<meta property=\"article:modified_time\" content=\"2023-08-03T17:15:00+00:00\" \/>\n<meta property=\"og:image\" content=\"https:\/\/www.ghidini-associati.it\/wp-content\/uploads\/2023\/08\/31.07.20232.jpg\" \/>\n\t<meta property=\"og:image:width\" content=\"2000\" \/>\n\t<meta property=\"og:image:height\" content=\"2000\" \/>\n\t<meta property=\"og:image:type\" content=\"image\/jpeg\" \/>\n<meta name=\"author\" content=\"Gustavo Ghidini\" \/>\n<meta name=\"twitter:card\" content=\"summary_large_image\" \/>\n<meta name=\"twitter:label1\" content=\"\u00c9crit par\" \/>\n\t<meta name=\"twitter:data1\" content=\"Gustavo Ghidini\" \/>\n\t<meta name=\"twitter:label2\" content=\"Dur\u00e9e de lecture estim\u00e9e\" \/>\n\t<meta name=\"twitter:data2\" content=\"3 minutes\" \/>\n<script type=\"application\/ld+json\" class=\"yoast-schema-graph\">{\"@context\":\"https:\\\/\\\/schema.org\",\"@graph\":[{\"@type\":\"Article\",\"@id\":\"https:\\\/\\\/www.ghidini-associati.it\\\/fr\\\/presse\\\/milano-finanza-fr\\\/il-caso-scott-morton-puo-frenare-vestager-alla-bei\\\/#article\",\"isPartOf\":{\"@id\":\"https:\\\/\\\/www.ghidini-associati.it\\\/fr\\\/presse\\\/milano-finanza-fr\\\/il-caso-scott-morton-puo-frenare-vestager-alla-bei\\\/\"},\"author\":{\"name\":\"Gustavo Ghidini\",\"@id\":\"https:\\\/\\\/www.ghidini-associati.it\\\/fr\\\/#\\\/schema\\\/person\\\/1cac6230583ed1cdc585cf529c194d90\"},\"headline\":\"Il caso Scott Morton pu\u00f2 frenare Vestager alla Bei\",\"datePublished\":\"2023-07-20T17:03:49+00:00\",\"dateModified\":\"2023-08-03T17:15:00+00:00\",\"mainEntityOfPage\":{\"@id\":\"https:\\\/\\\/www.ghidini-associati.it\\\/fr\\\/presse\\\/milano-finanza-fr\\\/il-caso-scott-morton-puo-frenare-vestager-alla-bei\\\/\"},\"wordCount\":495,\"publisher\":{\"@id\":\"https:\\\/\\\/www.ghidini-associati.it\\\/fr\\\/#organization\"},\"image\":{\"@id\":\"https:\\\/\\\/www.ghidini-associati.it\\\/fr\\\/presse\\\/milano-finanza-fr\\\/il-caso-scott-morton-puo-frenare-vestager-alla-bei\\\/#primaryimage\"},\"thumbnailUrl\":\"https:\\\/\\\/www.ghidini-associati.it\\\/wp-content\\\/uploads\\\/2023\\\/08\\\/31.07.20232.jpg\",\"articleSection\":[\"Milano Finanza\"],\"inLanguage\":\"fr-FR\"},{\"@type\":\"WebPage\",\"@id\":\"https:\\\/\\\/www.ghidini-associati.it\\\/fr\\\/presse\\\/milano-finanza-fr\\\/il-caso-scott-morton-puo-frenare-vestager-alla-bei\\\/\",\"url\":\"https:\\\/\\\/www.ghidini-associati.it\\\/fr\\\/presse\\\/milano-finanza-fr\\\/il-caso-scott-morton-puo-frenare-vestager-alla-bei\\\/\",\"name\":\"Il caso Scott Morton pu\u00f2 frenare Vestager alla Bei - Studio Ghidini, Girino &amp; Associati\",\"isPartOf\":{\"@id\":\"https:\\\/\\\/www.ghidini-associati.it\\\/fr\\\/#website\"},\"primaryImageOfPage\":{\"@id\":\"https:\\\/\\\/www.ghidini-associati.it\\\/fr\\\/presse\\\/milano-finanza-fr\\\/il-caso-scott-morton-puo-frenare-vestager-alla-bei\\\/#primaryimage\"},\"image\":{\"@id\":\"https:\\\/\\\/www.ghidini-associati.it\\\/fr\\\/presse\\\/milano-finanza-fr\\\/il-caso-scott-morton-puo-frenare-vestager-alla-bei\\\/#primaryimage\"},\"thumbnailUrl\":\"https:\\\/\\\/www.ghidini-associati.it\\\/wp-content\\\/uploads\\\/2023\\\/08\\\/31.07.20232.jpg\",\"datePublished\":\"2023-07-20T17:03:49+00:00\",\"dateModified\":\"2023-08-03T17:15:00+00:00\",\"description\":\"Il caso Scott Morton pu\u00f2 frenare Vestager alla Bei L\u2019 accademica statunitense Fiona Scott Morton ha deciso di rinunciare all'incarico di capo economista\",\"breadcrumb\":{\"@id\":\"https:\\\/\\\/www.ghidini-associati.it\\\/fr\\\/presse\\\/milano-finanza-fr\\\/il-caso-scott-morton-puo-frenare-vestager-alla-bei\\\/#breadcrumb\"},\"inLanguage\":\"fr-FR\",\"potentialAction\":[{\"@type\":\"ReadAction\",\"target\":[\"https:\\\/\\\/www.ghidini-associati.it\\\/fr\\\/presse\\\/milano-finanza-fr\\\/il-caso-scott-morton-puo-frenare-vestager-alla-bei\\\/\"]}]},{\"@type\":\"ImageObject\",\"inLanguage\":\"fr-FR\",\"@id\":\"https:\\\/\\\/www.ghidini-associati.it\\\/fr\\\/presse\\\/milano-finanza-fr\\\/il-caso-scott-morton-puo-frenare-vestager-alla-bei\\\/#primaryimage\",\"url\":\"https:\\\/\\\/www.ghidini-associati.it\\\/wp-content\\\/uploads\\\/2023\\\/08\\\/31.07.20232.jpg\",\"contentUrl\":\"https:\\\/\\\/www.ghidini-associati.it\\\/wp-content\\\/uploads\\\/2023\\\/08\\\/31.07.20232.jpg\",\"width\":2000,\"height\":2000},{\"@type\":\"BreadcrumbList\",\"@id\":\"https:\\\/\\\/www.ghidini-associati.it\\\/fr\\\/presse\\\/milano-finanza-fr\\\/il-caso-scott-morton-puo-frenare-vestager-alla-bei\\\/#breadcrumb\",\"itemListElement\":[{\"@type\":\"ListItem\",\"position\":1,\"name\":\"Home\",\"item\":\"https:\\\/\\\/www.ghidini-associati.it\\\/fr\\\/\"},{\"@type\":\"ListItem\",\"position\":2,\"name\":\"Presse\",\"item\":\"https:\\\/\\\/www.ghidini-associati.it\\\/fr\\\/category\\\/presse\\\/\"},{\"@type\":\"ListItem\",\"position\":3,\"name\":\"Milano Finanza\",\"item\":\"https:\\\/\\\/www.ghidini-associati.it\\\/fr\\\/category\\\/presse\\\/milano-finanza-fr\\\/\"},{\"@type\":\"ListItem\",\"position\":4,\"name\":\"Il caso Scott Morton pu\u00f2 frenare Vestager alla Bei\"}]},{\"@type\":\"WebSite\",\"@id\":\"https:\\\/\\\/www.ghidini-associati.it\\\/fr\\\/#website\",\"url\":\"https:\\\/\\\/www.ghidini-associati.it\\\/fr\\\/\",\"name\":\"Studio Ghidini, Girino &amp; Associati\",\"description\":\"\",\"publisher\":{\"@id\":\"https:\\\/\\\/www.ghidini-associati.it\\\/fr\\\/#organization\"},\"potentialAction\":[{\"@type\":\"SearchAction\",\"target\":{\"@type\":\"EntryPoint\",\"urlTemplate\":\"https:\\\/\\\/www.ghidini-associati.it\\\/fr\\\/?s={search_term_string}\"},\"query-input\":{\"@type\":\"PropertyValueSpecification\",\"valueRequired\":true,\"valueName\":\"search_term_string\"}}],\"inLanguage\":\"fr-FR\"},{\"@type\":\"Organization\",\"@id\":\"https:\\\/\\\/www.ghidini-associati.it\\\/fr\\\/#organization\",\"name\":\"Studio Ghidini, Girino & Associati\",\"url\":\"https:\\\/\\\/www.ghidini-associati.it\\\/fr\\\/\",\"logo\":{\"@type\":\"ImageObject\",\"inLanguage\":\"fr-FR\",\"@id\":\"https:\\\/\\\/www.ghidini-associati.it\\\/fr\\\/#\\\/schema\\\/logo\\\/image\\\/\",\"url\":\"https:\\\/\\\/www.ghidini-associati.it\\\/wp-content\\\/uploads\\\/2019\\\/02\\\/logo-trasp-small.png\",\"contentUrl\":\"https:\\\/\\\/www.ghidini-associati.it\\\/wp-content\\\/uploads\\\/2019\\\/02\\\/logo-trasp-small.png\",\"width\":450,\"height\":84,\"caption\":\"Studio Ghidini, Girino & Associati\"},\"image\":{\"@id\":\"https:\\\/\\\/www.ghidini-associati.it\\\/fr\\\/#\\\/schema\\\/logo\\\/image\\\/\"}},{\"@type\":\"Person\",\"@id\":\"https:\\\/\\\/www.ghidini-associati.it\\\/fr\\\/#\\\/schema\\\/person\\\/1cac6230583ed1cdc585cf529c194d90\",\"name\":\"Gustavo Ghidini\",\"image\":{\"@type\":\"ImageObject\",\"inLanguage\":\"fr-FR\",\"@id\":\"https:\\\/\\\/secure.gravatar.com\\\/avatar\\\/ea21773391f40a36ea3a68100a19c2c5b8d9a6588a5ebf35c05d5ec11f2aad61?s=96&r=g\",\"url\":\"https:\\\/\\\/secure.gravatar.com\\\/avatar\\\/ea21773391f40a36ea3a68100a19c2c5b8d9a6588a5ebf35c05d5ec11f2aad61?s=96&r=g\",\"contentUrl\":\"https:\\\/\\\/secure.gravatar.com\\\/avatar\\\/ea21773391f40a36ea3a68100a19c2c5b8d9a6588a5ebf35c05d5ec11f2aad61?s=96&r=g\",\"caption\":\"Gustavo Ghidini\"},\"description\":\"Fondatore e senior partner dello Studio, \u00e8 Ordinario di diritto industriale nell\u2019Universit\u00e0 degli Studi di Milano e Docente di diritto industriale nell\u2019Universit\u00e0 LUISS Guido Carli di Roma, Direttore dell\u2019Osservatorio di Propriet\u00e0 Intellettuale, Concorrenza e Telecomunicazioni (LUISS), fondatore e condirettore dal 1993 della rivista Concorrenza e Mercato \u2013 Orientamenti dell\u2019Autorit\u00e0 Garante, Condirettore della Rivista \u201cAnnali italiani del diritto d\u2019autore, della cultura e dello spettacolo (AIDA)\u201d Giuffr\u00e8, il Prof. Ghidini \u00e8 autore e\\\/o coautore di numerose monografie, opere codicistiche, articoli e saggi, da ultimo l\u2019opera \u201cProfili evolutivi del diritto industriale\u201d, giunta alla sua seconda edizione e con prefazione di Giuliano Amato.\"}]}<\/script>\n<!-- \/ Yoast SEO plugin. -->","yoast_head_json":{"title":"Il caso Scott Morton pu\u00f2 frenare Vestager alla Bei - Studio Ghidini, Girino &amp; Associati","description":"Il caso Scott Morton pu\u00f2 frenare Vestager alla Bei L\u2019 accademica statunitense Fiona Scott Morton ha deciso di rinunciare all'incarico di capo economista","robots":{"index":"index","follow":"follow","max-snippet":"max-snippet:-1","max-image-preview":"max-image-preview:large","max-video-preview":"max-video-preview:-1"},"canonical":"https:\/\/www.ghidini-associati.it\/fr\/presse\/milano-finanza-fr\/il-caso-scott-morton-puo-frenare-vestager-alla-bei\/","og_locale":"fr_FR","og_type":"article","og_title":"Il caso Scott Morton pu\u00f2 frenare Vestager alla Bei - Studio Ghidini, Girino &amp; Associati","og_description":"Il caso Scott Morton pu\u00f2 frenare Vestager alla Bei L\u2019 accademica statunitense Fiona Scott Morton ha deciso di rinunciare all'incarico di capo economista","og_url":"https:\/\/www.ghidini-associati.it\/fr\/presse\/milano-finanza-fr\/il-caso-scott-morton-puo-frenare-vestager-alla-bei\/","og_site_name":"Studio Ghidini, Girino &amp; Associati","article_published_time":"2023-07-20T17:03:49+00:00","article_modified_time":"2023-08-03T17:15:00+00:00","og_image":[{"width":2000,"height":2000,"url":"https:\/\/www.ghidini-associati.it\/wp-content\/uploads\/2023\/08\/31.07.20232.jpg","type":"image\/jpeg"}],"author":"Gustavo Ghidini","twitter_card":"summary_large_image","twitter_misc":{"\u00c9crit par":"Gustavo Ghidini","Dur\u00e9e de lecture estim\u00e9e":"3 minutes"},"schema":{"@context":"https:\/\/schema.org","@graph":[{"@type":"Article","@id":"https:\/\/www.ghidini-associati.it\/fr\/presse\/milano-finanza-fr\/il-caso-scott-morton-puo-frenare-vestager-alla-bei\/#article","isPartOf":{"@id":"https:\/\/www.ghidini-associati.it\/fr\/presse\/milano-finanza-fr\/il-caso-scott-morton-puo-frenare-vestager-alla-bei\/"},"author":{"name":"Gustavo Ghidini","@id":"https:\/\/www.ghidini-associati.it\/fr\/#\/schema\/person\/1cac6230583ed1cdc585cf529c194d90"},"headline":"Il caso Scott Morton pu\u00f2 frenare Vestager alla Bei","datePublished":"2023-07-20T17:03:49+00:00","dateModified":"2023-08-03T17:15:00+00:00","mainEntityOfPage":{"@id":"https:\/\/www.ghidini-associati.it\/fr\/presse\/milano-finanza-fr\/il-caso-scott-morton-puo-frenare-vestager-alla-bei\/"},"wordCount":495,"publisher":{"@id":"https:\/\/www.ghidini-associati.it\/fr\/#organization"},"image":{"@id":"https:\/\/www.ghidini-associati.it\/fr\/presse\/milano-finanza-fr\/il-caso-scott-morton-puo-frenare-vestager-alla-bei\/#primaryimage"},"thumbnailUrl":"https:\/\/www.ghidini-associati.it\/wp-content\/uploads\/2023\/08\/31.07.20232.jpg","articleSection":["Milano Finanza"],"inLanguage":"fr-FR"},{"@type":"WebPage","@id":"https:\/\/www.ghidini-associati.it\/fr\/presse\/milano-finanza-fr\/il-caso-scott-morton-puo-frenare-vestager-alla-bei\/","url":"https:\/\/www.ghidini-associati.it\/fr\/presse\/milano-finanza-fr\/il-caso-scott-morton-puo-frenare-vestager-alla-bei\/","name":"Il caso Scott Morton pu\u00f2 frenare Vestager alla Bei - Studio Ghidini, Girino &amp; Associati","isPartOf":{"@id":"https:\/\/www.ghidini-associati.it\/fr\/#website"},"primaryImageOfPage":{"@id":"https:\/\/www.ghidini-associati.it\/fr\/presse\/milano-finanza-fr\/il-caso-scott-morton-puo-frenare-vestager-alla-bei\/#primaryimage"},"image":{"@id":"https:\/\/www.ghidini-associati.it\/fr\/presse\/milano-finanza-fr\/il-caso-scott-morton-puo-frenare-vestager-alla-bei\/#primaryimage"},"thumbnailUrl":"https:\/\/www.ghidini-associati.it\/wp-content\/uploads\/2023\/08\/31.07.20232.jpg","datePublished":"2023-07-20T17:03:49+00:00","dateModified":"2023-08-03T17:15:00+00:00","description":"Il caso Scott Morton pu\u00f2 frenare Vestager alla Bei L\u2019 accademica statunitense Fiona Scott Morton ha deciso di rinunciare all'incarico di capo economista","breadcrumb":{"@id":"https:\/\/www.ghidini-associati.it\/fr\/presse\/milano-finanza-fr\/il-caso-scott-morton-puo-frenare-vestager-alla-bei\/#breadcrumb"},"inLanguage":"fr-FR","potentialAction":[{"@type":"ReadAction","target":["https:\/\/www.ghidini-associati.it\/fr\/presse\/milano-finanza-fr\/il-caso-scott-morton-puo-frenare-vestager-alla-bei\/"]}]},{"@type":"ImageObject","inLanguage":"fr-FR","@id":"https:\/\/www.ghidini-associati.it\/fr\/presse\/milano-finanza-fr\/il-caso-scott-morton-puo-frenare-vestager-alla-bei\/#primaryimage","url":"https:\/\/www.ghidini-associati.it\/wp-content\/uploads\/2023\/08\/31.07.20232.jpg","contentUrl":"https:\/\/www.ghidini-associati.it\/wp-content\/uploads\/2023\/08\/31.07.20232.jpg","width":2000,"height":2000},{"@type":"BreadcrumbList","@id":"https:\/\/www.ghidini-associati.it\/fr\/presse\/milano-finanza-fr\/il-caso-scott-morton-puo-frenare-vestager-alla-bei\/#breadcrumb","itemListElement":[{"@type":"ListItem","position":1,"name":"Home","item":"https:\/\/www.ghidini-associati.it\/fr\/"},{"@type":"ListItem","position":2,"name":"Presse","item":"https:\/\/www.ghidini-associati.it\/fr\/category\/presse\/"},{"@type":"ListItem","position":3,"name":"Milano Finanza","item":"https:\/\/www.ghidini-associati.it\/fr\/category\/presse\/milano-finanza-fr\/"},{"@type":"ListItem","position":4,"name":"Il caso Scott Morton pu\u00f2 frenare Vestager alla Bei"}]},{"@type":"WebSite","@id":"https:\/\/www.ghidini-associati.it\/fr\/#website","url":"https:\/\/www.ghidini-associati.it\/fr\/","name":"Studio Ghidini, Girino &amp; Associati","description":"","publisher":{"@id":"https:\/\/www.ghidini-associati.it\/fr\/#organization"},"potentialAction":[{"@type":"SearchAction","target":{"@type":"EntryPoint","urlTemplate":"https:\/\/www.ghidini-associati.it\/fr\/?s={search_term_string}"},"query-input":{"@type":"PropertyValueSpecification","valueRequired":true,"valueName":"search_term_string"}}],"inLanguage":"fr-FR"},{"@type":"Organization","@id":"https:\/\/www.ghidini-associati.it\/fr\/#organization","name":"Studio Ghidini, Girino & Associati","url":"https:\/\/www.ghidini-associati.it\/fr\/","logo":{"@type":"ImageObject","inLanguage":"fr-FR","@id":"https:\/\/www.ghidini-associati.it\/fr\/#\/schema\/logo\/image\/","url":"https:\/\/www.ghidini-associati.it\/wp-content\/uploads\/2019\/02\/logo-trasp-small.png","contentUrl":"https:\/\/www.ghidini-associati.it\/wp-content\/uploads\/2019\/02\/logo-trasp-small.png","width":450,"height":84,"caption":"Studio Ghidini, Girino & Associati"},"image":{"@id":"https:\/\/www.ghidini-associati.it\/fr\/#\/schema\/logo\/image\/"}},{"@type":"Person","@id":"https:\/\/www.ghidini-associati.it\/fr\/#\/schema\/person\/1cac6230583ed1cdc585cf529c194d90","name":"Gustavo Ghidini","image":{"@type":"ImageObject","inLanguage":"fr-FR","@id":"https:\/\/secure.gravatar.com\/avatar\/ea21773391f40a36ea3a68100a19c2c5b8d9a6588a5ebf35c05d5ec11f2aad61?s=96&r=g","url":"https:\/\/secure.gravatar.com\/avatar\/ea21773391f40a36ea3a68100a19c2c5b8d9a6588a5ebf35c05d5ec11f2aad61?s=96&r=g","contentUrl":"https:\/\/secure.gravatar.com\/avatar\/ea21773391f40a36ea3a68100a19c2c5b8d9a6588a5ebf35c05d5ec11f2aad61?s=96&r=g","caption":"Gustavo Ghidini"},"description":"Fondatore e senior partner dello Studio, \u00e8 Ordinario di diritto industriale nell\u2019Universit\u00e0 degli Studi di Milano e Docente di diritto industriale nell\u2019Universit\u00e0 LUISS Guido Carli di Roma, Direttore dell\u2019Osservatorio di Propriet\u00e0 Intellettuale, Concorrenza e Telecomunicazioni (LUISS), fondatore e condirettore dal 1993 della rivista Concorrenza e Mercato \u2013 Orientamenti dell\u2019Autorit\u00e0 Garante, Condirettore della Rivista \u201cAnnali italiani del diritto d\u2019autore, della cultura e dello spettacolo (AIDA)\u201d Giuffr\u00e8, il Prof. Ghidini \u00e8 autore e\/o coautore di numerose monografie, opere codicistiche, articoli e saggi, da ultimo l\u2019opera \u201cProfili evolutivi del diritto industriale\u201d, giunta alla sua seconda edizione e con prefazione di Giuliano Amato."}]}},"_links":{"self":[{"href":"https:\/\/www.ghidini-associati.it\/fr\/wp-json\/wp\/v2\/posts\/9603","targetHints":{"allow":["GET"]}}],"collection":[{"href":"https:\/\/www.ghidini-associati.it\/fr\/wp-json\/wp\/v2\/posts"}],"about":[{"href":"https:\/\/www.ghidini-associati.it\/fr\/wp-json\/wp\/v2\/types\/post"}],"author":[{"embeddable":true,"href":"https:\/\/www.ghidini-associati.it\/fr\/wp-json\/wp\/v2\/users\/4"}],"replies":[{"embeddable":true,"href":"https:\/\/www.ghidini-associati.it\/fr\/wp-json\/wp\/v2\/comments?post=9603"}],"version-history":[{"count":0,"href":"https:\/\/www.ghidini-associati.it\/fr\/wp-json\/wp\/v2\/posts\/9603\/revisions"}],"wp:featuredmedia":[{"embeddable":true,"href":"https:\/\/www.ghidini-associati.it\/fr\/wp-json\/wp\/v2\/media\/9578"}],"wp:attachment":[{"href":"https:\/\/www.ghidini-associati.it\/fr\/wp-json\/wp\/v2\/media?parent=9603"}],"wp:term":[{"taxonomy":"category","embeddable":true,"href":"https:\/\/www.ghidini-associati.it\/fr\/wp-json\/wp\/v2\/categories?post=9603"},{"taxonomy":"post_tag","embeddable":true,"href":"https:\/\/www.ghidini-associati.it\/fr\/wp-json\/wp\/v2\/tags?post=9603"}],"curies":[{"name":"wp","href":"https:\/\/api.w.org\/{rel}","templated":true}]}}