{"id":5832,"date":"2021-01-02T11:44:54","date_gmt":"2021-01-02T10:44:54","guid":{"rendered":"https:\/\/www.ghidini-associati.it\/news-fr\/nuovo-debito-sostenibile-rivedere-basi-convivenza-sociale-fare-passo-indietro-intelligente\/"},"modified":"2021-01-07T11:55:53","modified_gmt":"2021-01-07T10:55:53","slug":"nuovo-debito-sostenibile-rivedere-basi-convivenza-sociale-fare-passo-indietro-intelligente","status":"publish","type":"post","link":"https:\/\/www.ghidini-associati.it\/fr\/presse\/milano-finanza-fr\/nuovo-debito-sostenibile-rivedere-basi-convivenza-sociale-fare-passo-indietro-intelligente\/","title":{"rendered":"Il nuovo debito sostenibile deve rivedere le basi della convivenza sociale.  E fare un passo indietro intelligente"},"content":{"rendered":"<p>Concepita, nella seconda met\u00e0 degli anni Ottanta, in chiave ambientalistica, la \u00absostenibilit\u00e0\u00bb ha speditamente invaso la dimensione economico-sociale. Non \u00e8 sostenibile solo ci\u00f2 che \u00e8 verde, bens\u00ec tutto ci\u00f2 che migliori le condizioni di vita e il benessere in prospettiva generazionale, presente e futura. Proiettata su un orizzonte di sviluppo equo e solidale la sostenibilit\u00e0 ha dovuto dismettere i preconcetti astratti e misurarsi con nuove forme di crescente impoverimento proprio nel mondo occidentale. Gli inquietanti esiti del rapporto Censis-Tendercapital del novembre scorso restituiscono, fra i molti, due dati tristemente eloquenti: 7,6 milioni di famiglie italiane hanno visto peggiorare le loro condizioni economiche in meno di un anno e 5 milioni di persone non riescono a mettere insieme pranzo e cena. Ma la causa non \u00e8, come sbrigativamente asserito dai pi\u00f9, l&rsquo;imprevedibile sciagura pandemica, la quale ha solo dimostrato la dimensione esplosiva di un crescente disagio economico e sociale in atto da almeno un abbondante decennio.<br \/>\nSe in Italia, come nel resto d&rsquo;Europa, i divari economici non fossero cos\u00ec stoltamente esasperati, se le classi medie e basse potessero contare su una maggiore ricchezza o, meglio, se la ricchezza non fosse stata loro sottratta, gli effetti della pandemia sarebbero meno rovinosi. Usando altro vocabolo \u00e0 la page, ci sarebbe maggior resilienza. Stiamo invece ora pagando l&rsquo;inettitudine di visione e la ladra arroganza di uno pseudo-capitalismo tramutatosi in feudalismo d&rsquo;ignobile stazza. La verit\u00e0 \u00e8 che i modelli economici e sociali vanno non gi\u00e0 profondamente ripensati bens\u00ec intelligentemente ricostruiti. Ecco qualche esempio.<\/p>\n<p><strong>Debito pubblico<\/strong><\/p>\n<p>Il 5 marzo 2020, in piena pandemia, qualcuno ha risposto al Financial Times: \u00abLa perdita di reddito del settore privato &#8211; e ogni debito assunto per riempirla &#8211; deve essere assorbita, totalmente o in parte, dai bilanci pubblici. Debiti pubblici pi\u00f9 alti diventeranno una caratteristica delle nostre economie\u00bb. Inutile dire che quel qualcuno era Mario Draghi, eroico armigero del whatever it takes, ma soprattutto razionale e fattivo osservatore della realt\u00e0. Una realt\u00e0 che insegna come, nei sistemi di welfare, l&rsquo;indebitamento pubblico non sia un fattore di rischio ma di crescita. Le centinaia di miliardi che la Ue ha messo e metter\u00e0 a disposizione per l&#8217;emergenza pandemica ne sono l&rsquo;innegabile tornasole. Il che non vuol dire che uno Stato debba allegramente indebitarsi per dispensar prebende o borboniche elemosine, bens\u00ec che i sistemi solidi, nei quali il rifinanziamento del debito non conosce crisi, devono rinunciare ai feticci ragionieristici e innestare virtuose circolarit\u00e0 contabili secondo la sequenza: trasferimento &#8211; investimento &#8211; produzione di ricchezza &#8211; ritorno fiscale.<\/p>\n<p><strong>Diseguaglianze reddituali<\/strong><\/p>\n<p>Ormai l&rsquo;abisso reddituale non ha futuro. \u00c8 questa la fonte della sperequazione patrimoniale che indebolisce le classi medie e basse (ora anche le alte), genera nuova povert\u00e0 e incrementa odio e rabbia sociale. \u00c8 questo un metodo capitalisticamente stupido perch\u00e9, a breve termine, attacca alla radice la capacit\u00e0 di risparmio e consumo compromettendo la creazione di ricchezza anche ai livelli maggiori. In via autonoma e con ragionevoli interventi normativi, i sistemi di produzione dovranno necessariamente dotarsi non gi\u00e0 di salari minimi bens\u00ec di una scala di rapporti atta a impedire remunerazioni che, nell&rsquo;ovvio rispetto di principi di rischio, responsabilit\u00e0, capacit\u00e0 e merito, sfondino barriere proporzionali fra vertici e basi, fra propriet\u00e0 e lavoro.<\/p>\n<p><strong>E-commerce di prossimit\u00e0<\/strong><\/p>\n<p>Il commercio elettronico non va demonizzato n\u00e9 frenato, ma il suo prepotente dilagare sta creando forti squilibri concorrenziali, pericolosamente votati all&rsquo;annientamento del commercio di base. Molto possono qui i consumatori, rinunciando al pantouflage del click facile, ma molto potrebbero fare gli Stati promuovendo e incentivando, anche fiscalmente, la creazione di piattaforme di prossimit\u00e0, consorzi che riuniscano e facciano da vetrina ai commerci di base e che garantiscano, attraverso accordi di logistica preferenziale (con corrieri regolari non con neo-schiavi in risci\u00f2), consegne in 3, non in 24 ore.<\/p>\n<p><strong>Telelavoro<\/strong><\/p>\n<p>Abbiamo visto gli effetti negativi: calo di produttivit\u00e0 per indisponibilit\u00e0 di spazi adeguati, scarico di pressione sul mid-management, perdita di socialit\u00e0 e creativit\u00e0 da incontro, deriva psicologica. Un impiego smodato e strutturale del lavoro agile non produrr\u00e0 un mondo migliore.<\/p>\n<p><strong>Volontariato sociale<\/strong><\/p>\n<p>\u00c8 un inestimabile patrimonio, eppure continua a ricevere solo qualche distratta carezza di elogio. Maldestramente regolato da un codice troppo timido, molto burocrate e ancora incompiuto, il Terzo Settore va stimolato e sostenuto. Soprattutto attraverso una leva fiscale che consenta la totale e illimitata deducibilit\u00e0 delle donazioni. Non parliamo solo di onlus per il soccorso all&#8217;emarginazione e al bisogno, ma anche di enti di aggregazione locale, organizzazioni di formazione, di sostegno e produzione culturale. Un modo peraltro di trattenere capitali e dirigerli verso finalit\u00e0 sociali, con egoistico e meritorio compiacimento del donante. La vera rinascita non si compir\u00e0 con fughe in avanti unidirezionali e modaiole ma recuperando dimensioni economico-finanziarie e valori culturali e sociali troppo frettolosamente prepensionati. Insomma: un intelligente passo indietro.<\/p>\n<p><span class=\"fa fa-file-pdf-o\"> <a href=\"\/sala_stampa\/testata_milano_finanza\/2021_MF_01_02.pdf\" target=\"_blank\" rel=\"noopener noreferrer\">Scarica articolo in PDF<\/a><\/span><\/p>\n","protected":false},"excerpt":{"rendered":"<p>Concepita, nella seconda met\u00e0 degli anni Ottanta, in chiave ambientalistica, la \u00absostenibilit\u00e0\u00bb ha speditamente invaso la dimensione economico-sociale. Non \u00e8 sostenibile solo ci\u00f2 che \u00e8 verde, bens\u00ec tutto ci\u00f2 che migliori le condizioni di vita e il benessere in prospettiva generazionale, presente e futura. Proiettata su un orizzonte di sviluppo equo e solidale la sostenibilit\u00e0<\/p><\/div>\n<div class=\"blog-btn\"><a href=\"https:\/\/www.ghidini-associati.it\/fr\/presse\/milano-finanza-fr\/nuovo-debito-sostenibile-rivedere-basi-convivenza-sociale-fare-passo-indietro-intelligente\/\" class=\"home-blog-btn\">Lire la suite<\/a><\/p>\n","protected":false},"author":5,"featured_media":5824,"comment_status":"closed","ping_status":"closed","sticky":false,"template":"","format":"standard","meta":{"footnotes":""},"categories":[65],"tags":[],"class_list":["post-5832","post","type-post","status-publish","format-standard","has-post-thumbnail","hentry","category-milano-finanza-fr"],"yoast_head":"<!-- This site is optimized with the Yoast SEO plugin v27.5 - https:\/\/yoast.com\/product\/yoast-seo-wordpress\/ -->\n<title>Il nuovo debito sostenibile deve rivedere le basi della convivenza sociale. E fare un passo indietro intelligente - Studio Ghidini, Girino &amp; Associati<\/title>\n<meta name=\"description\" content=\"Concepita, nella seconda met\u00e0 degli anni Ottanta, in chiave ambientalistica, la \u00absostenibilit\u00e0\u00bb ha speditamente invaso la dimensione economico-sociale.\" \/>\n<meta name=\"robots\" content=\"index, follow, max-snippet:-1, max-image-preview:large, max-video-preview:-1\" \/>\n<link rel=\"canonical\" href=\"https:\/\/www.ghidini-associati.it\/fr\/presse\/milano-finanza-fr\/nuovo-debito-sostenibile-rivedere-basi-convivenza-sociale-fare-passo-indietro-intelligente\/\" \/>\n<meta property=\"og:locale\" content=\"fr_FR\" \/>\n<meta property=\"og:type\" content=\"article\" \/>\n<meta property=\"og:title\" content=\"Il nuovo debito sostenibile deve rivedere le basi della convivenza sociale. E fare un passo indietro intelligente - Studio Ghidini, Girino &amp; Associati\" \/>\n<meta property=\"og:description\" content=\"Concepita, nella seconda met\u00e0 degli anni Ottanta, in chiave ambientalistica, la \u00absostenibilit\u00e0\u00bb ha speditamente invaso la dimensione economico-sociale.\" \/>\n<meta property=\"og:url\" content=\"https:\/\/www.ghidini-associati.it\/fr\/presse\/milano-finanza-fr\/nuovo-debito-sostenibile-rivedere-basi-convivenza-sociale-fare-passo-indietro-intelligente\/\" \/>\n<meta property=\"og:site_name\" content=\"Studio Ghidini, Girino &amp; Associati\" \/>\n<meta property=\"article:published_time\" content=\"2021-01-02T10:44:54+00:00\" \/>\n<meta property=\"article:modified_time\" content=\"2021-01-07T10:55:53+00:00\" \/>\n<meta property=\"og:image\" content=\"https:\/\/www.ghidini-associati.it\/wp-content\/uploads\/2021\/01\/Testa-riflessione-nuvole.jpg\" \/>\n\t<meta property=\"og:image:width\" content=\"1920\" \/>\n\t<meta property=\"og:image:height\" content=\"1920\" \/>\n\t<meta property=\"og:image:type\" content=\"image\/jpeg\" \/>\n<meta name=\"author\" content=\"Emilio Girino\" \/>\n<meta name=\"twitter:card\" content=\"summary_large_image\" \/>\n<meta name=\"twitter:label1\" content=\"\u00c9crit par\" \/>\n\t<meta name=\"twitter:data1\" content=\"Emilio Girino\" \/>\n\t<meta name=\"twitter:label2\" content=\"Dur\u00e9e de lecture estim\u00e9e\" \/>\n\t<meta name=\"twitter:data2\" content=\"4 minutes\" \/>\n<script type=\"application\/ld+json\" class=\"yoast-schema-graph\">{\"@context\":\"https:\\\/\\\/schema.org\",\"@graph\":[{\"@type\":\"Article\",\"@id\":\"https:\\\/\\\/www.ghidini-associati.it\\\/fr\\\/presse\\\/milano-finanza-fr\\\/nuovo-debito-sostenibile-rivedere-basi-convivenza-sociale-fare-passo-indietro-intelligente\\\/#article\",\"isPartOf\":{\"@id\":\"https:\\\/\\\/www.ghidini-associati.it\\\/fr\\\/presse\\\/milano-finanza-fr\\\/nuovo-debito-sostenibile-rivedere-basi-convivenza-sociale-fare-passo-indietro-intelligente\\\/\"},\"author\":{\"name\":\"Emilio Girino\",\"@id\":\"https:\\\/\\\/www.ghidini-associati.it\\\/fr\\\/#\\\/schema\\\/person\\\/3b5d07c8d40b4229615fa815749b8716\"},\"headline\":\"Il nuovo debito sostenibile deve rivedere le basi della convivenza sociale. E fare un passo indietro intelligente\",\"datePublished\":\"2021-01-02T10:44:54+00:00\",\"dateModified\":\"2021-01-07T10:55:53+00:00\",\"mainEntityOfPage\":{\"@id\":\"https:\\\/\\\/www.ghidini-associati.it\\\/fr\\\/presse\\\/milano-finanza-fr\\\/nuovo-debito-sostenibile-rivedere-basi-convivenza-sociale-fare-passo-indietro-intelligente\\\/\"},\"wordCount\":802,\"publisher\":{\"@id\":\"https:\\\/\\\/www.ghidini-associati.it\\\/fr\\\/#organization\"},\"image\":{\"@id\":\"https:\\\/\\\/www.ghidini-associati.it\\\/fr\\\/presse\\\/milano-finanza-fr\\\/nuovo-debito-sostenibile-rivedere-basi-convivenza-sociale-fare-passo-indietro-intelligente\\\/#primaryimage\"},\"thumbnailUrl\":\"https:\\\/\\\/www.ghidini-associati.it\\\/wp-content\\\/uploads\\\/2021\\\/01\\\/Testa-riflessione-nuvole.jpg\",\"articleSection\":[\"Milano Finanza\"],\"inLanguage\":\"fr-FR\"},{\"@type\":\"WebPage\",\"@id\":\"https:\\\/\\\/www.ghidini-associati.it\\\/fr\\\/presse\\\/milano-finanza-fr\\\/nuovo-debito-sostenibile-rivedere-basi-convivenza-sociale-fare-passo-indietro-intelligente\\\/\",\"url\":\"https:\\\/\\\/www.ghidini-associati.it\\\/fr\\\/presse\\\/milano-finanza-fr\\\/nuovo-debito-sostenibile-rivedere-basi-convivenza-sociale-fare-passo-indietro-intelligente\\\/\",\"name\":\"Il nuovo debito sostenibile deve rivedere le basi della convivenza sociale. E fare un passo indietro intelligente - Studio Ghidini, Girino &amp; Associati\",\"isPartOf\":{\"@id\":\"https:\\\/\\\/www.ghidini-associati.it\\\/fr\\\/#website\"},\"primaryImageOfPage\":{\"@id\":\"https:\\\/\\\/www.ghidini-associati.it\\\/fr\\\/presse\\\/milano-finanza-fr\\\/nuovo-debito-sostenibile-rivedere-basi-convivenza-sociale-fare-passo-indietro-intelligente\\\/#primaryimage\"},\"image\":{\"@id\":\"https:\\\/\\\/www.ghidini-associati.it\\\/fr\\\/presse\\\/milano-finanza-fr\\\/nuovo-debito-sostenibile-rivedere-basi-convivenza-sociale-fare-passo-indietro-intelligente\\\/#primaryimage\"},\"thumbnailUrl\":\"https:\\\/\\\/www.ghidini-associati.it\\\/wp-content\\\/uploads\\\/2021\\\/01\\\/Testa-riflessione-nuvole.jpg\",\"datePublished\":\"2021-01-02T10:44:54+00:00\",\"dateModified\":\"2021-01-07T10:55:53+00:00\",\"description\":\"Concepita, nella seconda met\u00e0 degli anni Ottanta, in chiave ambientalistica, la \u00absostenibilit\u00e0\u00bb ha speditamente invaso la dimensione economico-sociale.\",\"breadcrumb\":{\"@id\":\"https:\\\/\\\/www.ghidini-associati.it\\\/fr\\\/presse\\\/milano-finanza-fr\\\/nuovo-debito-sostenibile-rivedere-basi-convivenza-sociale-fare-passo-indietro-intelligente\\\/#breadcrumb\"},\"inLanguage\":\"fr-FR\",\"potentialAction\":[{\"@type\":\"ReadAction\",\"target\":[\"https:\\\/\\\/www.ghidini-associati.it\\\/fr\\\/presse\\\/milano-finanza-fr\\\/nuovo-debito-sostenibile-rivedere-basi-convivenza-sociale-fare-passo-indietro-intelligente\\\/\"]}]},{\"@type\":\"ImageObject\",\"inLanguage\":\"fr-FR\",\"@id\":\"https:\\\/\\\/www.ghidini-associati.it\\\/fr\\\/presse\\\/milano-finanza-fr\\\/nuovo-debito-sostenibile-rivedere-basi-convivenza-sociale-fare-passo-indietro-intelligente\\\/#primaryimage\",\"url\":\"https:\\\/\\\/www.ghidini-associati.it\\\/wp-content\\\/uploads\\\/2021\\\/01\\\/Testa-riflessione-nuvole.jpg\",\"contentUrl\":\"https:\\\/\\\/www.ghidini-associati.it\\\/wp-content\\\/uploads\\\/2021\\\/01\\\/Testa-riflessione-nuvole.jpg\",\"width\":1920,\"height\":1920},{\"@type\":\"BreadcrumbList\",\"@id\":\"https:\\\/\\\/www.ghidini-associati.it\\\/fr\\\/presse\\\/milano-finanza-fr\\\/nuovo-debito-sostenibile-rivedere-basi-convivenza-sociale-fare-passo-indietro-intelligente\\\/#breadcrumb\",\"itemListElement\":[{\"@type\":\"ListItem\",\"position\":1,\"name\":\"Home\",\"item\":\"https:\\\/\\\/www.ghidini-associati.it\\\/fr\\\/\"},{\"@type\":\"ListItem\",\"position\":2,\"name\":\"Presse\",\"item\":\"https:\\\/\\\/www.ghidini-associati.it\\\/fr\\\/category\\\/presse\\\/\"},{\"@type\":\"ListItem\",\"position\":3,\"name\":\"Milano Finanza\",\"item\":\"https:\\\/\\\/www.ghidini-associati.it\\\/fr\\\/category\\\/presse\\\/milano-finanza-fr\\\/\"},{\"@type\":\"ListItem\",\"position\":4,\"name\":\"Il nuovo debito sostenibile deve rivedere le basi della convivenza sociale. E fare un passo indietro intelligente\"}]},{\"@type\":\"WebSite\",\"@id\":\"https:\\\/\\\/www.ghidini-associati.it\\\/fr\\\/#website\",\"url\":\"https:\\\/\\\/www.ghidini-associati.it\\\/fr\\\/\",\"name\":\"Studio Ghidini, Girino &amp; Associati\",\"description\":\"\",\"publisher\":{\"@id\":\"https:\\\/\\\/www.ghidini-associati.it\\\/fr\\\/#organization\"},\"potentialAction\":[{\"@type\":\"SearchAction\",\"target\":{\"@type\":\"EntryPoint\",\"urlTemplate\":\"https:\\\/\\\/www.ghidini-associati.it\\\/fr\\\/?s={search_term_string}\"},\"query-input\":{\"@type\":\"PropertyValueSpecification\",\"valueRequired\":true,\"valueName\":\"search_term_string\"}}],\"inLanguage\":\"fr-FR\"},{\"@type\":\"Organization\",\"@id\":\"https:\\\/\\\/www.ghidini-associati.it\\\/fr\\\/#organization\",\"name\":\"Studio Ghidini, Girino & Associati\",\"url\":\"https:\\\/\\\/www.ghidini-associati.it\\\/fr\\\/\",\"logo\":{\"@type\":\"ImageObject\",\"inLanguage\":\"fr-FR\",\"@id\":\"https:\\\/\\\/www.ghidini-associati.it\\\/fr\\\/#\\\/schema\\\/logo\\\/image\\\/\",\"url\":\"https:\\\/\\\/www.ghidini-associati.it\\\/wp-content\\\/uploads\\\/2019\\\/02\\\/logo-trasp-small.png\",\"contentUrl\":\"https:\\\/\\\/www.ghidini-associati.it\\\/wp-content\\\/uploads\\\/2019\\\/02\\\/logo-trasp-small.png\",\"width\":450,\"height\":84,\"caption\":\"Studio Ghidini, Girino & Associati\"},\"image\":{\"@id\":\"https:\\\/\\\/www.ghidini-associati.it\\\/fr\\\/#\\\/schema\\\/logo\\\/image\\\/\"}},{\"@type\":\"Person\",\"@id\":\"https:\\\/\\\/www.ghidini-associati.it\\\/fr\\\/#\\\/schema\\\/person\\\/3b5d07c8d40b4229615fa815749b8716\",\"name\":\"Emilio Girino\",\"image\":{\"@type\":\"ImageObject\",\"inLanguage\":\"fr-FR\",\"@id\":\"https:\\\/\\\/secure.gravatar.com\\\/avatar\\\/02469821bfee53ee34d2c4e8b5e6c6708af3f8e3a72342c672498f7616dc83a5?s=96&r=g\",\"url\":\"https:\\\/\\\/secure.gravatar.com\\\/avatar\\\/02469821bfee53ee34d2c4e8b5e6c6708af3f8e3a72342c672498f7616dc83a5?s=96&r=g\",\"contentUrl\":\"https:\\\/\\\/secure.gravatar.com\\\/avatar\\\/02469821bfee53ee34d2c4e8b5e6c6708af3f8e3a72342c672498f7616dc83a5?s=96&r=g\",\"caption\":\"Emilio Girino\"},\"description\":\"Nato a Casale Monferrato il 18 novembre 1962, alunno del Collegio Ghislieri, si \u00e8 laureato con lode all\u2019Universit\u00e0 di Pavia nel 1985. Allievo del Prof. Ghidini e suo stretto collaboratore da oltre trentacinque anni, \u00e8 divenuto socio dello Studio sin dalla sua fondazione e riveste il ruolo di managing partner. \u00c8 iscritto all\u2019ordine degli Avvocati di Milano dal 1990. Nell\u2019ambito dello Studio, si occupa prevalentemente delle problematiche bancarie, finanziarie, contrattuali, e societarie.\"}]}<\/script>\n<!-- \/ Yoast SEO plugin. -->","yoast_head_json":{"title":"Il nuovo debito sostenibile deve rivedere le basi della convivenza sociale. E fare un passo indietro intelligente - Studio Ghidini, Girino &amp; Associati","description":"Concepita, nella seconda met\u00e0 degli anni Ottanta, in chiave ambientalistica, la \u00absostenibilit\u00e0\u00bb ha speditamente invaso la dimensione economico-sociale.","robots":{"index":"index","follow":"follow","max-snippet":"max-snippet:-1","max-image-preview":"max-image-preview:large","max-video-preview":"max-video-preview:-1"},"canonical":"https:\/\/www.ghidini-associati.it\/fr\/presse\/milano-finanza-fr\/nuovo-debito-sostenibile-rivedere-basi-convivenza-sociale-fare-passo-indietro-intelligente\/","og_locale":"fr_FR","og_type":"article","og_title":"Il nuovo debito sostenibile deve rivedere le basi della convivenza sociale. E fare un passo indietro intelligente - Studio Ghidini, Girino &amp; Associati","og_description":"Concepita, nella seconda met\u00e0 degli anni Ottanta, in chiave ambientalistica, la \u00absostenibilit\u00e0\u00bb ha speditamente invaso la dimensione economico-sociale.","og_url":"https:\/\/www.ghidini-associati.it\/fr\/presse\/milano-finanza-fr\/nuovo-debito-sostenibile-rivedere-basi-convivenza-sociale-fare-passo-indietro-intelligente\/","og_site_name":"Studio Ghidini, Girino &amp; Associati","article_published_time":"2021-01-02T10:44:54+00:00","article_modified_time":"2021-01-07T10:55:53+00:00","og_image":[{"width":1920,"height":1920,"url":"https:\/\/www.ghidini-associati.it\/wp-content\/uploads\/2021\/01\/Testa-riflessione-nuvole.jpg","type":"image\/jpeg"}],"author":"Emilio Girino","twitter_card":"summary_large_image","twitter_misc":{"\u00c9crit par":"Emilio Girino","Dur\u00e9e de lecture estim\u00e9e":"4 minutes"},"schema":{"@context":"https:\/\/schema.org","@graph":[{"@type":"Article","@id":"https:\/\/www.ghidini-associati.it\/fr\/presse\/milano-finanza-fr\/nuovo-debito-sostenibile-rivedere-basi-convivenza-sociale-fare-passo-indietro-intelligente\/#article","isPartOf":{"@id":"https:\/\/www.ghidini-associati.it\/fr\/presse\/milano-finanza-fr\/nuovo-debito-sostenibile-rivedere-basi-convivenza-sociale-fare-passo-indietro-intelligente\/"},"author":{"name":"Emilio Girino","@id":"https:\/\/www.ghidini-associati.it\/fr\/#\/schema\/person\/3b5d07c8d40b4229615fa815749b8716"},"headline":"Il nuovo debito sostenibile deve rivedere le basi della convivenza sociale. E fare un passo indietro intelligente","datePublished":"2021-01-02T10:44:54+00:00","dateModified":"2021-01-07T10:55:53+00:00","mainEntityOfPage":{"@id":"https:\/\/www.ghidini-associati.it\/fr\/presse\/milano-finanza-fr\/nuovo-debito-sostenibile-rivedere-basi-convivenza-sociale-fare-passo-indietro-intelligente\/"},"wordCount":802,"publisher":{"@id":"https:\/\/www.ghidini-associati.it\/fr\/#organization"},"image":{"@id":"https:\/\/www.ghidini-associati.it\/fr\/presse\/milano-finanza-fr\/nuovo-debito-sostenibile-rivedere-basi-convivenza-sociale-fare-passo-indietro-intelligente\/#primaryimage"},"thumbnailUrl":"https:\/\/www.ghidini-associati.it\/wp-content\/uploads\/2021\/01\/Testa-riflessione-nuvole.jpg","articleSection":["Milano Finanza"],"inLanguage":"fr-FR"},{"@type":"WebPage","@id":"https:\/\/www.ghidini-associati.it\/fr\/presse\/milano-finanza-fr\/nuovo-debito-sostenibile-rivedere-basi-convivenza-sociale-fare-passo-indietro-intelligente\/","url":"https:\/\/www.ghidini-associati.it\/fr\/presse\/milano-finanza-fr\/nuovo-debito-sostenibile-rivedere-basi-convivenza-sociale-fare-passo-indietro-intelligente\/","name":"Il nuovo debito sostenibile deve rivedere le basi della convivenza sociale. E fare un passo indietro intelligente - Studio Ghidini, Girino &amp; Associati","isPartOf":{"@id":"https:\/\/www.ghidini-associati.it\/fr\/#website"},"primaryImageOfPage":{"@id":"https:\/\/www.ghidini-associati.it\/fr\/presse\/milano-finanza-fr\/nuovo-debito-sostenibile-rivedere-basi-convivenza-sociale-fare-passo-indietro-intelligente\/#primaryimage"},"image":{"@id":"https:\/\/www.ghidini-associati.it\/fr\/presse\/milano-finanza-fr\/nuovo-debito-sostenibile-rivedere-basi-convivenza-sociale-fare-passo-indietro-intelligente\/#primaryimage"},"thumbnailUrl":"https:\/\/www.ghidini-associati.it\/wp-content\/uploads\/2021\/01\/Testa-riflessione-nuvole.jpg","datePublished":"2021-01-02T10:44:54+00:00","dateModified":"2021-01-07T10:55:53+00:00","description":"Concepita, nella seconda met\u00e0 degli anni Ottanta, in chiave ambientalistica, la \u00absostenibilit\u00e0\u00bb ha speditamente invaso la dimensione economico-sociale.","breadcrumb":{"@id":"https:\/\/www.ghidini-associati.it\/fr\/presse\/milano-finanza-fr\/nuovo-debito-sostenibile-rivedere-basi-convivenza-sociale-fare-passo-indietro-intelligente\/#breadcrumb"},"inLanguage":"fr-FR","potentialAction":[{"@type":"ReadAction","target":["https:\/\/www.ghidini-associati.it\/fr\/presse\/milano-finanza-fr\/nuovo-debito-sostenibile-rivedere-basi-convivenza-sociale-fare-passo-indietro-intelligente\/"]}]},{"@type":"ImageObject","inLanguage":"fr-FR","@id":"https:\/\/www.ghidini-associati.it\/fr\/presse\/milano-finanza-fr\/nuovo-debito-sostenibile-rivedere-basi-convivenza-sociale-fare-passo-indietro-intelligente\/#primaryimage","url":"https:\/\/www.ghidini-associati.it\/wp-content\/uploads\/2021\/01\/Testa-riflessione-nuvole.jpg","contentUrl":"https:\/\/www.ghidini-associati.it\/wp-content\/uploads\/2021\/01\/Testa-riflessione-nuvole.jpg","width":1920,"height":1920},{"@type":"BreadcrumbList","@id":"https:\/\/www.ghidini-associati.it\/fr\/presse\/milano-finanza-fr\/nuovo-debito-sostenibile-rivedere-basi-convivenza-sociale-fare-passo-indietro-intelligente\/#breadcrumb","itemListElement":[{"@type":"ListItem","position":1,"name":"Home","item":"https:\/\/www.ghidini-associati.it\/fr\/"},{"@type":"ListItem","position":2,"name":"Presse","item":"https:\/\/www.ghidini-associati.it\/fr\/category\/presse\/"},{"@type":"ListItem","position":3,"name":"Milano Finanza","item":"https:\/\/www.ghidini-associati.it\/fr\/category\/presse\/milano-finanza-fr\/"},{"@type":"ListItem","position":4,"name":"Il nuovo debito sostenibile deve rivedere le basi della convivenza sociale. E fare un passo indietro intelligente"}]},{"@type":"WebSite","@id":"https:\/\/www.ghidini-associati.it\/fr\/#website","url":"https:\/\/www.ghidini-associati.it\/fr\/","name":"Studio Ghidini, Girino &amp; Associati","description":"","publisher":{"@id":"https:\/\/www.ghidini-associati.it\/fr\/#organization"},"potentialAction":[{"@type":"SearchAction","target":{"@type":"EntryPoint","urlTemplate":"https:\/\/www.ghidini-associati.it\/fr\/?s={search_term_string}"},"query-input":{"@type":"PropertyValueSpecification","valueRequired":true,"valueName":"search_term_string"}}],"inLanguage":"fr-FR"},{"@type":"Organization","@id":"https:\/\/www.ghidini-associati.it\/fr\/#organization","name":"Studio Ghidini, Girino & Associati","url":"https:\/\/www.ghidini-associati.it\/fr\/","logo":{"@type":"ImageObject","inLanguage":"fr-FR","@id":"https:\/\/www.ghidini-associati.it\/fr\/#\/schema\/logo\/image\/","url":"https:\/\/www.ghidini-associati.it\/wp-content\/uploads\/2019\/02\/logo-trasp-small.png","contentUrl":"https:\/\/www.ghidini-associati.it\/wp-content\/uploads\/2019\/02\/logo-trasp-small.png","width":450,"height":84,"caption":"Studio Ghidini, Girino & Associati"},"image":{"@id":"https:\/\/www.ghidini-associati.it\/fr\/#\/schema\/logo\/image\/"}},{"@type":"Person","@id":"https:\/\/www.ghidini-associati.it\/fr\/#\/schema\/person\/3b5d07c8d40b4229615fa815749b8716","name":"Emilio Girino","image":{"@type":"ImageObject","inLanguage":"fr-FR","@id":"https:\/\/secure.gravatar.com\/avatar\/02469821bfee53ee34d2c4e8b5e6c6708af3f8e3a72342c672498f7616dc83a5?s=96&r=g","url":"https:\/\/secure.gravatar.com\/avatar\/02469821bfee53ee34d2c4e8b5e6c6708af3f8e3a72342c672498f7616dc83a5?s=96&r=g","contentUrl":"https:\/\/secure.gravatar.com\/avatar\/02469821bfee53ee34d2c4e8b5e6c6708af3f8e3a72342c672498f7616dc83a5?s=96&r=g","caption":"Emilio Girino"},"description":"Nato a Casale Monferrato il 18 novembre 1962, alunno del Collegio Ghislieri, si \u00e8 laureato con lode all\u2019Universit\u00e0 di Pavia nel 1985. Allievo del Prof. Ghidini e suo stretto collaboratore da oltre trentacinque anni, \u00e8 divenuto socio dello Studio sin dalla sua fondazione e riveste il ruolo di managing partner. \u00c8 iscritto all\u2019ordine degli Avvocati di Milano dal 1990. Nell\u2019ambito dello Studio, si occupa prevalentemente delle problematiche bancarie, finanziarie, contrattuali, e societarie."}]}},"_links":{"self":[{"href":"https:\/\/www.ghidini-associati.it\/fr\/wp-json\/wp\/v2\/posts\/5832","targetHints":{"allow":["GET"]}}],"collection":[{"href":"https:\/\/www.ghidini-associati.it\/fr\/wp-json\/wp\/v2\/posts"}],"about":[{"href":"https:\/\/www.ghidini-associati.it\/fr\/wp-json\/wp\/v2\/types\/post"}],"author":[{"embeddable":true,"href":"https:\/\/www.ghidini-associati.it\/fr\/wp-json\/wp\/v2\/users\/5"}],"replies":[{"embeddable":true,"href":"https:\/\/www.ghidini-associati.it\/fr\/wp-json\/wp\/v2\/comments?post=5832"}],"version-history":[{"count":0,"href":"https:\/\/www.ghidini-associati.it\/fr\/wp-json\/wp\/v2\/posts\/5832\/revisions"}],"wp:featuredmedia":[{"embeddable":true,"href":"https:\/\/www.ghidini-associati.it\/fr\/wp-json\/wp\/v2\/media\/5824"}],"wp:attachment":[{"href":"https:\/\/www.ghidini-associati.it\/fr\/wp-json\/wp\/v2\/media?parent=5832"}],"wp:term":[{"taxonomy":"category","embeddable":true,"href":"https:\/\/www.ghidini-associati.it\/fr\/wp-json\/wp\/v2\/categories?post=5832"},{"taxonomy":"post_tag","embeddable":true,"href":"https:\/\/www.ghidini-associati.it\/fr\/wp-json\/wp\/v2\/tags?post=5832"}],"curies":[{"name":"wp","href":"https:\/\/api.w.org\/{rel}","templated":true}]}}