{"id":11265,"date":"2025-10-06T20:32:58","date_gmt":"2025-10-06T18:32:58","guid":{"rendered":"https:\/\/www.ghidini-associati.it\/news-fr\/principio-responsabilita-informazione-digitale\/"},"modified":"2025-10-06T20:48:30","modified_gmt":"2025-10-06T18:48:30","slug":"principio-responsabilita-informazione-digitale","status":"publish","type":"post","link":"https:\/\/www.ghidini-associati.it\/fr\/news-fr\/principio-responsabilita-informazione-digitale\/","title":{"rendered":"IL PRINCIPIO DI RESPONSABILIT\u00c0 NELL\u2019INFORMAZIONE DIGITALE"},"content":{"rendered":"<p><em>C\u2019\u00e8 un nuovo intervento del Prof. Gustavo Ghidini, pubblicato sul Corriere della Sera, che analizza il Digital Package europeo e la minaccia rappresentata dalle richieste protezionistiche degli Stati Uniti guidati da Trump. In gioco c\u2019\u00e8 la tenuta democratica dello spazio informativo europeo.<\/em><strong>\u00a0<\/strong><\/p>\n<p>Il nuovo attacco del presidente Trump alle normative europee sul digitale rappresenta un salto di qualit\u00e0 nella pressione esercitata dai big tech americani. Il diktat \u00e8 chiaro: <strong>nuovi dazi commerciali contro l\u2019Unione Europea, a meno che non venga archiviato il cosiddetto <em>Digital Package<\/em><\/strong> \u2013 l\u2019insieme dei regolamenti europei che negli ultimi anni ha cercato di disciplinare il mondo delle piattaforme online. Dietro questa richiesta, si cela un attacco a una strategia normativa che ha come obiettivo la tutela dei cittadini da disinformazione, odio online e manipolazione algoritmica.<!--more--><\/p>\n<p>Nel suo articolo pubblicato sul Corriere della Sera, il Prof. Gustavo Ghidini sottolinea il valore politico e giuridico della risposta europea. <strong>Henna Virkkunen, nuova Commissaria europea alla sovranit\u00e0 digitale, ha risposto con fermezza al ricatto statunitense<\/strong>, ricevendo il pubblico sostegno di Mario Monti e Thierry Breton. Il Digital Package, afferma l\u2019Autore, rappresenta una diga contro \u201cla marea che sulle reti dilaga, fatta di informazioni anonime costruite su fake news, messaggi d\u2019odio, di discriminazione, di insulti, minacce, pedopornografia\u201d. \u00c8 una battaglia normativa che ha come posta in gioco la qualit\u00e0 democratica del nostro spazio pubblico.<\/p>\n<p>\u201cQuel che non \u00e8 lecito nell\u2019informazione analogica non dev\u2019esserlo in quella digitale\u201d, scrive il Prof. Ghidini. <strong>Occorre dunque affermare il principio che \u201cchi pubblica \u00e8 responsabile di ci\u00f2 che pubblica\u201d, e che questo valga anche per le piattaforme digitali<\/strong> che diffondono contenuti altrui. \u201cNel giornalismo cartaceo\u201d, prosegue, \u201cera chiaro chi fosse responsabile di ci\u00f2 che veniva pubblicato: il direttore responsabile, il giornalista autore dell\u2019articolo, l\u2019editore. E chi si sentiva leso poteva rivolgersi al giudice, anche con l\u2019urgenza del procedimento d\u2019urgenza\u201d.<\/p>\n<p>Lo stesso modello, secondo l\u2019Autore, deve valere per l\u2019universo digitale: nessuna eccezione per chi pubblica contenuti dannosi, anche se lo fa tramite piattaforme. \u201c<strong>Se ci\u00f2 che viene pubblicato \u00e8 illecito, chi lo pubblica ne risponde<\/strong>. E, se la pubblicazione \u00e8 fatta attraverso una piattaforma, la piattaforma dev\u2019essere tenuta a toglierla\u201d.<\/p>\n<p>L\u2019articolo si chiude con un netto rifiuto dell\u2019argomento usato da Trump e dai colossi del web per indebolire la regolazione europea. Il richiamo alla libert\u00e0 d\u2019espressione \u2013 principio fondante del Primo Emendamento americano \u2013 viene impiegato in modo strumentale per legittimare la totale assenza di vincoli. L\u2019Autore replica osservando che <strong>la libert\u00e0 non pu\u00f2 giustificare gli abusi, come l\u2019istigazione all\u2019odio, le violazioni della privacy, la diffusione di falsit\u00e0 e le manipolazioni della personalit\u00e0<\/strong>. A dimostrarlo, osserva il Professore, sono le decisioni di importanti corti, comprese quelle statunitensi.<\/p>\n<p>L\u2019articolo pu\u00f2 essere letto integralmente <a href=\"\/sala_stampa\/testata_corsera\/corriere_sera_025.pdf\" target=\"_blank\" rel=\"noopener\">cliccando qui<\/a>\u00a0e anche nella sezione Sala Stampa del nostro Sito, dove si trovano <a href=\"https:\/\/www.ghidini-associati.it\/fr\/presse\/corriere-sera-fr\/\">tutti gli interventi pubblicati sul Corriere della Sera<\/a>.<\/p>\n","protected":false},"excerpt":{"rendered":"<p>C\u2019\u00e8 un nuovo intervento del Prof. Gustavo Ghidini, pubblicato sul Corriere della Sera, che analizza il Digital Package europeo e la minaccia rappresentata dalle richieste protezionistiche degli Stati Uniti guidati da Trump. In gioco c\u2019\u00e8 la tenuta democratica dello spazio informativo europeo.\u00a0 Il nuovo attacco del presidente Trump alle normative europee sul digitale rappresenta un<\/p><\/div>\n<div class=\"blog-btn\"><a href=\"https:\/\/www.ghidini-associati.it\/fr\/news-fr\/principio-responsabilita-informazione-digitale\/\" class=\"home-blog-btn\">Lire la suite<\/a><\/p>\n","protected":false},"author":2,"featured_media":11257,"comment_status":"closed","ping_status":"closed","sticky":false,"template":"","format":"standard","meta":{"footnotes":""},"categories":[57,3],"tags":[82],"class_list":["post-11265","post","type-post","status-publish","format-standard","has-post-thumbnail","hentry","category-corriere-sera-fr","category-news-fr","tag-news-fr"],"yoast_head":"<!-- This site is optimized with the Yoast SEO plugin v27.5 - https:\/\/yoast.com\/product\/yoast-seo-wordpress\/ -->\n<title>IL PRINCIPIO DI RESPONSABILIT\u00c0 NELL\u2019INFORMAZIONE DIGITALE - Studio Ghidini, Girino &amp; Associati<\/title>\n<meta name=\"description\" content=\"C\u2019\u00e8 un nuovo intervento del Prof. Gustavo Ghidini, pubblicato sul Corriere della Sera, che analizza il Digital Package europeo e la minaccia rappresentata\" \/>\n<meta name=\"robots\" content=\"index, follow, max-snippet:-1, max-image-preview:large, max-video-preview:-1\" \/>\n<link rel=\"canonical\" href=\"https:\/\/www.ghidini-associati.it\/fr\/news-fr\/principio-responsabilita-informazione-digitale\/\" \/>\n<meta property=\"og:locale\" content=\"fr_FR\" \/>\n<meta property=\"og:type\" content=\"article\" \/>\n<meta property=\"og:title\" content=\"IL PRINCIPIO DI RESPONSABILIT\u00c0 NELL\u2019INFORMAZIONE DIGITALE - Studio Ghidini, Girino &amp; Associati\" \/>\n<meta property=\"og:description\" content=\"C\u2019\u00e8 un nuovo intervento del Prof. Gustavo Ghidini, pubblicato sul Corriere della Sera, che analizza il Digital Package europeo e la minaccia rappresentata\" \/>\n<meta property=\"og:url\" content=\"https:\/\/www.ghidini-associati.it\/fr\/news-fr\/principio-responsabilita-informazione-digitale\/\" \/>\n<meta property=\"og:site_name\" content=\"Studio Ghidini, Girino &amp; Associati\" \/>\n<meta property=\"article:published_time\" content=\"2025-10-06T18:32:58+00:00\" \/>\n<meta property=\"article:modified_time\" content=\"2025-10-06T18:48:30+00:00\" \/>\n<meta property=\"og:image\" content=\"https:\/\/www.ghidini-associati.it\/wp-content\/uploads\/2025\/10\/02.10.20255.jpg\" \/>\n\t<meta property=\"og:image:width\" content=\"2000\" \/>\n\t<meta property=\"og:image:height\" content=\"2000\" \/>\n\t<meta property=\"og:image:type\" content=\"image\/jpeg\" \/>\n<meta name=\"author\" content=\"Studio Ghidini, Girino &amp; Associati\" \/>\n<meta name=\"twitter:card\" content=\"summary_large_image\" \/>\n<meta name=\"twitter:label1\" content=\"\u00c9crit par\" \/>\n\t<meta name=\"twitter:data1\" content=\"Studio Ghidini, Girino &amp; Associati\" \/>\n\t<meta name=\"twitter:label2\" content=\"Dur\u00e9e de lecture estim\u00e9e\" \/>\n\t<meta name=\"twitter:data2\" content=\"3 minutes\" \/>\n<script type=\"application\/ld+json\" class=\"yoast-schema-graph\">{\"@context\":\"https:\\\/\\\/schema.org\",\"@graph\":[{\"@type\":\"Article\",\"@id\":\"https:\\\/\\\/www.ghidini-associati.it\\\/fr\\\/news-fr\\\/principio-responsabilita-informazione-digitale\\\/#article\",\"isPartOf\":{\"@id\":\"https:\\\/\\\/www.ghidini-associati.it\\\/fr\\\/news-fr\\\/principio-responsabilita-informazione-digitale\\\/\"},\"author\":{\"name\":\"Studio Ghidini, Girino &amp; Associati\",\"@id\":\"https:\\\/\\\/www.ghidini-associati.it\\\/fr\\\/#\\\/schema\\\/person\\\/6b4d2ba65a4bbb71b12151b74e13b909\"},\"headline\":\"IL PRINCIPIO DI RESPONSABILIT\u00c0 NELL\u2019INFORMAZIONE DIGITALE\",\"datePublished\":\"2025-10-06T18:32:58+00:00\",\"dateModified\":\"2025-10-06T18:48:30+00:00\",\"mainEntityOfPage\":{\"@id\":\"https:\\\/\\\/www.ghidini-associati.it\\\/fr\\\/news-fr\\\/principio-responsabilita-informazione-digitale\\\/\"},\"wordCount\":485,\"publisher\":{\"@id\":\"https:\\\/\\\/www.ghidini-associati.it\\\/fr\\\/#organization\"},\"image\":{\"@id\":\"https:\\\/\\\/www.ghidini-associati.it\\\/fr\\\/news-fr\\\/principio-responsabilita-informazione-digitale\\\/#primaryimage\"},\"thumbnailUrl\":\"https:\\\/\\\/www.ghidini-associati.it\\\/wp-content\\\/uploads\\\/2025\\\/10\\\/02.10.20255.jpg\",\"keywords\":[\"news-fr\"],\"articleSection\":[\"Corriere della Sera\",\"News\"],\"inLanguage\":\"fr-FR\"},{\"@type\":\"WebPage\",\"@id\":\"https:\\\/\\\/www.ghidini-associati.it\\\/fr\\\/news-fr\\\/principio-responsabilita-informazione-digitale\\\/\",\"url\":\"https:\\\/\\\/www.ghidini-associati.it\\\/fr\\\/news-fr\\\/principio-responsabilita-informazione-digitale\\\/\",\"name\":\"IL PRINCIPIO DI RESPONSABILIT\u00c0 NELL\u2019INFORMAZIONE DIGITALE - Studio Ghidini, Girino &amp; Associati\",\"isPartOf\":{\"@id\":\"https:\\\/\\\/www.ghidini-associati.it\\\/fr\\\/#website\"},\"primaryImageOfPage\":{\"@id\":\"https:\\\/\\\/www.ghidini-associati.it\\\/fr\\\/news-fr\\\/principio-responsabilita-informazione-digitale\\\/#primaryimage\"},\"image\":{\"@id\":\"https:\\\/\\\/www.ghidini-associati.it\\\/fr\\\/news-fr\\\/principio-responsabilita-informazione-digitale\\\/#primaryimage\"},\"thumbnailUrl\":\"https:\\\/\\\/www.ghidini-associati.it\\\/wp-content\\\/uploads\\\/2025\\\/10\\\/02.10.20255.jpg\",\"datePublished\":\"2025-10-06T18:32:58+00:00\",\"dateModified\":\"2025-10-06T18:48:30+00:00\",\"description\":\"C\u2019\u00e8 un nuovo intervento del Prof. Gustavo Ghidini, pubblicato sul Corriere della Sera, che analizza il Digital Package europeo e la minaccia rappresentata\",\"breadcrumb\":{\"@id\":\"https:\\\/\\\/www.ghidini-associati.it\\\/fr\\\/news-fr\\\/principio-responsabilita-informazione-digitale\\\/#breadcrumb\"},\"inLanguage\":\"fr-FR\",\"potentialAction\":[{\"@type\":\"ReadAction\",\"target\":[\"https:\\\/\\\/www.ghidini-associati.it\\\/fr\\\/news-fr\\\/principio-responsabilita-informazione-digitale\\\/\"]}]},{\"@type\":\"ImageObject\",\"inLanguage\":\"fr-FR\",\"@id\":\"https:\\\/\\\/www.ghidini-associati.it\\\/fr\\\/news-fr\\\/principio-responsabilita-informazione-digitale\\\/#primaryimage\",\"url\":\"https:\\\/\\\/www.ghidini-associati.it\\\/wp-content\\\/uploads\\\/2025\\\/10\\\/02.10.20255.jpg\",\"contentUrl\":\"https:\\\/\\\/www.ghidini-associati.it\\\/wp-content\\\/uploads\\\/2025\\\/10\\\/02.10.20255.jpg\",\"width\":2000,\"height\":2000},{\"@type\":\"BreadcrumbList\",\"@id\":\"https:\\\/\\\/www.ghidini-associati.it\\\/fr\\\/news-fr\\\/principio-responsabilita-informazione-digitale\\\/#breadcrumb\",\"itemListElement\":[{\"@type\":\"ListItem\",\"position\":1,\"name\":\"Home\",\"item\":\"https:\\\/\\\/www.ghidini-associati.it\\\/fr\\\/\"},{\"@type\":\"ListItem\",\"position\":2,\"name\":\"News\",\"item\":\"https:\\\/\\\/www.ghidini-associati.it\\\/fr\\\/category\\\/news-fr\\\/\"},{\"@type\":\"ListItem\",\"position\":3,\"name\":\"IL PRINCIPIO DI RESPONSABILIT\u00c0 NELL\u2019INFORMAZIONE DIGITALE\"}]},{\"@type\":\"WebSite\",\"@id\":\"https:\\\/\\\/www.ghidini-associati.it\\\/fr\\\/#website\",\"url\":\"https:\\\/\\\/www.ghidini-associati.it\\\/fr\\\/\",\"name\":\"Studio Ghidini, Girino &amp; Associati\",\"description\":\"\",\"publisher\":{\"@id\":\"https:\\\/\\\/www.ghidini-associati.it\\\/fr\\\/#organization\"},\"potentialAction\":[{\"@type\":\"SearchAction\",\"target\":{\"@type\":\"EntryPoint\",\"urlTemplate\":\"https:\\\/\\\/www.ghidini-associati.it\\\/fr\\\/?s={search_term_string}\"},\"query-input\":{\"@type\":\"PropertyValueSpecification\",\"valueRequired\":true,\"valueName\":\"search_term_string\"}}],\"inLanguage\":\"fr-FR\"},{\"@type\":\"Organization\",\"@id\":\"https:\\\/\\\/www.ghidini-associati.it\\\/fr\\\/#organization\",\"name\":\"Studio Ghidini, Girino & Associati\",\"url\":\"https:\\\/\\\/www.ghidini-associati.it\\\/fr\\\/\",\"logo\":{\"@type\":\"ImageObject\",\"inLanguage\":\"fr-FR\",\"@id\":\"https:\\\/\\\/www.ghidini-associati.it\\\/fr\\\/#\\\/schema\\\/logo\\\/image\\\/\",\"url\":\"https:\\\/\\\/www.ghidini-associati.it\\\/wp-content\\\/uploads\\\/2019\\\/02\\\/logo-trasp-small.png\",\"contentUrl\":\"https:\\\/\\\/www.ghidini-associati.it\\\/wp-content\\\/uploads\\\/2019\\\/02\\\/logo-trasp-small.png\",\"width\":450,\"height\":84,\"caption\":\"Studio Ghidini, Girino & Associati\"},\"image\":{\"@id\":\"https:\\\/\\\/www.ghidini-associati.it\\\/fr\\\/#\\\/schema\\\/logo\\\/image\\\/\"}},{\"@type\":\"Person\",\"@id\":\"https:\\\/\\\/www.ghidini-associati.it\\\/fr\\\/#\\\/schema\\\/person\\\/6b4d2ba65a4bbb71b12151b74e13b909\",\"name\":\"Studio Ghidini, Girino &amp; Associati\",\"image\":{\"@type\":\"ImageObject\",\"inLanguage\":\"fr-FR\",\"@id\":\"https:\\\/\\\/secure.gravatar.com\\\/avatar\\\/6e9963f8594b87df00e8f11d4176170254d914951828e54a88aeb63e3fdc36b2?s=96&r=g\",\"url\":\"https:\\\/\\\/secure.gravatar.com\\\/avatar\\\/6e9963f8594b87df00e8f11d4176170254d914951828e54a88aeb63e3fdc36b2?s=96&r=g\",\"contentUrl\":\"https:\\\/\\\/secure.gravatar.com\\\/avatar\\\/6e9963f8594b87df00e8f11d4176170254d914951828e54a88aeb63e3fdc36b2?s=96&r=g\",\"caption\":\"Studio Ghidini, Girino &amp; Associati\"},\"description\":\"I Professionisti dello Studio Ghidini Girino e Associati sono chiamati quali relatori di convegni, rendono opinioni su problematiche giuridiche, economiche e finanziarie su primari quotidiani nazionali e su emittenti televisive specializzate.\"}]}<\/script>\n<!-- \/ Yoast SEO plugin. -->","yoast_head_json":{"title":"IL PRINCIPIO DI RESPONSABILIT\u00c0 NELL\u2019INFORMAZIONE DIGITALE - Studio Ghidini, Girino &amp; Associati","description":"C\u2019\u00e8 un nuovo intervento del Prof. Gustavo Ghidini, pubblicato sul Corriere della Sera, che analizza il Digital Package europeo e la minaccia rappresentata","robots":{"index":"index","follow":"follow","max-snippet":"max-snippet:-1","max-image-preview":"max-image-preview:large","max-video-preview":"max-video-preview:-1"},"canonical":"https:\/\/www.ghidini-associati.it\/fr\/news-fr\/principio-responsabilita-informazione-digitale\/","og_locale":"fr_FR","og_type":"article","og_title":"IL PRINCIPIO DI RESPONSABILIT\u00c0 NELL\u2019INFORMAZIONE DIGITALE - Studio Ghidini, Girino &amp; Associati","og_description":"C\u2019\u00e8 un nuovo intervento del Prof. Gustavo Ghidini, pubblicato sul Corriere della Sera, che analizza il Digital Package europeo e la minaccia rappresentata","og_url":"https:\/\/www.ghidini-associati.it\/fr\/news-fr\/principio-responsabilita-informazione-digitale\/","og_site_name":"Studio Ghidini, Girino &amp; Associati","article_published_time":"2025-10-06T18:32:58+00:00","article_modified_time":"2025-10-06T18:48:30+00:00","og_image":[{"width":2000,"height":2000,"url":"https:\/\/www.ghidini-associati.it\/wp-content\/uploads\/2025\/10\/02.10.20255.jpg","type":"image\/jpeg"}],"author":"Studio Ghidini, Girino &amp; Associati","twitter_card":"summary_large_image","twitter_misc":{"\u00c9crit par":"Studio Ghidini, Girino &amp; Associati","Dur\u00e9e de lecture estim\u00e9e":"3 minutes"},"schema":{"@context":"https:\/\/schema.org","@graph":[{"@type":"Article","@id":"https:\/\/www.ghidini-associati.it\/fr\/news-fr\/principio-responsabilita-informazione-digitale\/#article","isPartOf":{"@id":"https:\/\/www.ghidini-associati.it\/fr\/news-fr\/principio-responsabilita-informazione-digitale\/"},"author":{"name":"Studio Ghidini, Girino &amp; Associati","@id":"https:\/\/www.ghidini-associati.it\/fr\/#\/schema\/person\/6b4d2ba65a4bbb71b12151b74e13b909"},"headline":"IL PRINCIPIO DI RESPONSABILIT\u00c0 NELL\u2019INFORMAZIONE DIGITALE","datePublished":"2025-10-06T18:32:58+00:00","dateModified":"2025-10-06T18:48:30+00:00","mainEntityOfPage":{"@id":"https:\/\/www.ghidini-associati.it\/fr\/news-fr\/principio-responsabilita-informazione-digitale\/"},"wordCount":485,"publisher":{"@id":"https:\/\/www.ghidini-associati.it\/fr\/#organization"},"image":{"@id":"https:\/\/www.ghidini-associati.it\/fr\/news-fr\/principio-responsabilita-informazione-digitale\/#primaryimage"},"thumbnailUrl":"https:\/\/www.ghidini-associati.it\/wp-content\/uploads\/2025\/10\/02.10.20255.jpg","keywords":["news-fr"],"articleSection":["Corriere della Sera","News"],"inLanguage":"fr-FR"},{"@type":"WebPage","@id":"https:\/\/www.ghidini-associati.it\/fr\/news-fr\/principio-responsabilita-informazione-digitale\/","url":"https:\/\/www.ghidini-associati.it\/fr\/news-fr\/principio-responsabilita-informazione-digitale\/","name":"IL PRINCIPIO DI RESPONSABILIT\u00c0 NELL\u2019INFORMAZIONE DIGITALE - Studio Ghidini, Girino &amp; Associati","isPartOf":{"@id":"https:\/\/www.ghidini-associati.it\/fr\/#website"},"primaryImageOfPage":{"@id":"https:\/\/www.ghidini-associati.it\/fr\/news-fr\/principio-responsabilita-informazione-digitale\/#primaryimage"},"image":{"@id":"https:\/\/www.ghidini-associati.it\/fr\/news-fr\/principio-responsabilita-informazione-digitale\/#primaryimage"},"thumbnailUrl":"https:\/\/www.ghidini-associati.it\/wp-content\/uploads\/2025\/10\/02.10.20255.jpg","datePublished":"2025-10-06T18:32:58+00:00","dateModified":"2025-10-06T18:48:30+00:00","description":"C\u2019\u00e8 un nuovo intervento del Prof. Gustavo Ghidini, pubblicato sul Corriere della Sera, che analizza il Digital Package europeo e la minaccia rappresentata","breadcrumb":{"@id":"https:\/\/www.ghidini-associati.it\/fr\/news-fr\/principio-responsabilita-informazione-digitale\/#breadcrumb"},"inLanguage":"fr-FR","potentialAction":[{"@type":"ReadAction","target":["https:\/\/www.ghidini-associati.it\/fr\/news-fr\/principio-responsabilita-informazione-digitale\/"]}]},{"@type":"ImageObject","inLanguage":"fr-FR","@id":"https:\/\/www.ghidini-associati.it\/fr\/news-fr\/principio-responsabilita-informazione-digitale\/#primaryimage","url":"https:\/\/www.ghidini-associati.it\/wp-content\/uploads\/2025\/10\/02.10.20255.jpg","contentUrl":"https:\/\/www.ghidini-associati.it\/wp-content\/uploads\/2025\/10\/02.10.20255.jpg","width":2000,"height":2000},{"@type":"BreadcrumbList","@id":"https:\/\/www.ghidini-associati.it\/fr\/news-fr\/principio-responsabilita-informazione-digitale\/#breadcrumb","itemListElement":[{"@type":"ListItem","position":1,"name":"Home","item":"https:\/\/www.ghidini-associati.it\/fr\/"},{"@type":"ListItem","position":2,"name":"News","item":"https:\/\/www.ghidini-associati.it\/fr\/category\/news-fr\/"},{"@type":"ListItem","position":3,"name":"IL PRINCIPIO DI RESPONSABILIT\u00c0 NELL\u2019INFORMAZIONE DIGITALE"}]},{"@type":"WebSite","@id":"https:\/\/www.ghidini-associati.it\/fr\/#website","url":"https:\/\/www.ghidini-associati.it\/fr\/","name":"Studio Ghidini, Girino &amp; Associati","description":"","publisher":{"@id":"https:\/\/www.ghidini-associati.it\/fr\/#organization"},"potentialAction":[{"@type":"SearchAction","target":{"@type":"EntryPoint","urlTemplate":"https:\/\/www.ghidini-associati.it\/fr\/?s={search_term_string}"},"query-input":{"@type":"PropertyValueSpecification","valueRequired":true,"valueName":"search_term_string"}}],"inLanguage":"fr-FR"},{"@type":"Organization","@id":"https:\/\/www.ghidini-associati.it\/fr\/#organization","name":"Studio Ghidini, Girino & Associati","url":"https:\/\/www.ghidini-associati.it\/fr\/","logo":{"@type":"ImageObject","inLanguage":"fr-FR","@id":"https:\/\/www.ghidini-associati.it\/fr\/#\/schema\/logo\/image\/","url":"https:\/\/www.ghidini-associati.it\/wp-content\/uploads\/2019\/02\/logo-trasp-small.png","contentUrl":"https:\/\/www.ghidini-associati.it\/wp-content\/uploads\/2019\/02\/logo-trasp-small.png","width":450,"height":84,"caption":"Studio Ghidini, Girino & Associati"},"image":{"@id":"https:\/\/www.ghidini-associati.it\/fr\/#\/schema\/logo\/image\/"}},{"@type":"Person","@id":"https:\/\/www.ghidini-associati.it\/fr\/#\/schema\/person\/6b4d2ba65a4bbb71b12151b74e13b909","name":"Studio Ghidini, Girino &amp; Associati","image":{"@type":"ImageObject","inLanguage":"fr-FR","@id":"https:\/\/secure.gravatar.com\/avatar\/6e9963f8594b87df00e8f11d4176170254d914951828e54a88aeb63e3fdc36b2?s=96&r=g","url":"https:\/\/secure.gravatar.com\/avatar\/6e9963f8594b87df00e8f11d4176170254d914951828e54a88aeb63e3fdc36b2?s=96&r=g","contentUrl":"https:\/\/secure.gravatar.com\/avatar\/6e9963f8594b87df00e8f11d4176170254d914951828e54a88aeb63e3fdc36b2?s=96&r=g","caption":"Studio Ghidini, Girino &amp; Associati"},"description":"I Professionisti dello Studio Ghidini Girino e Associati sono chiamati quali relatori di convegni, rendono opinioni su problematiche giuridiche, economiche e finanziarie su primari quotidiani nazionali e su emittenti televisive specializzate."}]}},"_links":{"self":[{"href":"https:\/\/www.ghidini-associati.it\/fr\/wp-json\/wp\/v2\/posts\/11265","targetHints":{"allow":["GET"]}}],"collection":[{"href":"https:\/\/www.ghidini-associati.it\/fr\/wp-json\/wp\/v2\/posts"}],"about":[{"href":"https:\/\/www.ghidini-associati.it\/fr\/wp-json\/wp\/v2\/types\/post"}],"author":[{"embeddable":true,"href":"https:\/\/www.ghidini-associati.it\/fr\/wp-json\/wp\/v2\/users\/2"}],"replies":[{"embeddable":true,"href":"https:\/\/www.ghidini-associati.it\/fr\/wp-json\/wp\/v2\/comments?post=11265"}],"version-history":[{"count":1,"href":"https:\/\/www.ghidini-associati.it\/fr\/wp-json\/wp\/v2\/posts\/11265\/revisions"}],"predecessor-version":[{"id":11276,"href":"https:\/\/www.ghidini-associati.it\/fr\/wp-json\/wp\/v2\/posts\/11265\/revisions\/11276"}],"wp:featuredmedia":[{"embeddable":true,"href":"https:\/\/www.ghidini-associati.it\/fr\/wp-json\/wp\/v2\/media\/11257"}],"wp:attachment":[{"href":"https:\/\/www.ghidini-associati.it\/fr\/wp-json\/wp\/v2\/media?parent=11265"}],"wp:term":[{"taxonomy":"category","embeddable":true,"href":"https:\/\/www.ghidini-associati.it\/fr\/wp-json\/wp\/v2\/categories?post=11265"},{"taxonomy":"post_tag","embeddable":true,"href":"https:\/\/www.ghidini-associati.it\/fr\/wp-json\/wp\/v2\/tags?post=11265"}],"curies":[{"name":"wp","href":"https:\/\/api.w.org\/{rel}","templated":true}]}}