{"id":11215,"date":"2025-07-29T11:44:24","date_gmt":"2025-07-29T09:44:24","guid":{"rendered":"https:\/\/www.ghidini-associati.it\/news-fr\/responsabilita-solidale-e-subappalti-il-rischio-di-una-crisi-a-catena\/"},"modified":"2025-07-29T11:47:48","modified_gmt":"2025-07-29T09:47:48","slug":"responsabilita-solidale-e-subappalti-il-rischio-di-una-crisi-a-catena","status":"publish","type":"post","link":"https:\/\/www.ghidini-associati.it\/fr\/news-fr\/responsabilita-solidale-e-subappalti-il-rischio-di-una-crisi-a-catena\/","title":{"rendered":"RESPONSABILIT\u00c0 SOLIDALE E SUBAPPALTI: IL RISCHIO DI UNA CRISI A CATENA"},"content":{"rendered":"<p>Pu\u00f2 un principio di civilt\u00e0 giuridica trasformarsi, per effetto delle sue applicazioni distorte, in un rischio sistemico per interi settori produttivi? \u00c8 il paradosso che solleva l\u2019articolo 29 del d.lgs. 276\/2003, introdotto per garantire tutele ai lavoratori negli appalti, ma che oggi \u2013 a vent\u2019anni dalla sua entrata in vigore \u2013 rischia di aggravare la fragilit\u00e0 delle filiere.<\/p>\n<p><!--more--><\/p>\n<p>L\u2019obbligo, per il committente, di rispondere in solido dei crediti retributivi e contributivi dei dipendenti dell\u2019appaltatore pu\u00f2 infatti generare <strong>un pericoloso effetto domino, che travolgerebbe imprese incolpevoli e comprimerebbe la propensione a delegare<\/strong>. Il rischio, \u00a0pertanto, \u00e8 quello di innescare una crisi a catena, soprattutto nei comparti in cui la subfornitura \u00e8 fisiologica.<\/p>\n<p>Nella rubrica<strong> \u201cConsiderazioni inattuali\u201d su Milano Finanza, Emilio Girino <\/strong>torna su un tema di estrema attualit\u00e0, mettendo in luce come <strong>l\u2019applicazione estensiva del principio solidaristico penalizzi le imprese pi\u00f9 strutturate<\/strong>. Quando l\u2019ultimo anello della catena produttiva cede, infatti, l\u2019intero carico retributivo e contributivo pu\u00f2 ricadere sul committente, anche in assenza di ogni sua colpa o responsabilit\u00e0 diretta.<\/p>\n<p>\u201cIl monitoraggio per chi delega resta indispensabile\u201d, scrive l\u2019Avv. Girino. \u201cI segnali da intercettare sono, prima di tutto, carenze qualitative nelle consegne, trasmissione ritardata della documentazione di regolarit\u00e0 retributiva e contributiva, richieste ripetute di anticipi su lavorazioni future. Certo, il contratto pu\u00f2 regolare minuziosamente queste scomode evenienze e paralizzare il corso degli eventi prima che sia troppo tardi, ma <strong>\u00e8 tardi quando il subfornitore \u00e8 ormai decotto e il diritto di rivalsa \u00e8 meno che niente<\/strong>. Se un contratto ben fatto e ben applicato pu\u00f2 essere un deflatore di danni, serve per\u00f2 una seria presa di coscienza da parte del legislatore\u201d.<\/p>\n<p>Oltre a suggerire cautele contrattuali e strumenti di prevenzione, l\u2019Autore propone due possibili soluzioni normative: da un lato, graduare l\u2019entit\u00e0 della responsabilit\u00e0 in base al valore della commessa e, dall\u2019altro, rapportarla alla dimensione economica del committente e alla sua capacit\u00e0 di tenuta. In questo modo, si manterrebbe la protezione dei lavoratori senza penalizzare in modo sproporzionato l\u2019impresa virtuosa.<\/p>\n<p>L\u2019articolo pu\u00f2 essere letto integralmente\u00a0<a href=\"https:\/\/www.ghidini-associati.it\/sala_stampa\/rubrica_considerazioni_inattuali_\/2025_ci_07_12.pdf\" target=\"_blank\" rel=\"noopener\">cliccando qui<\/a>.<br \/>\nNella Sala Stampa del nostro Sito \u00e8 possibile consultare l\u2019intero <a href=\"https:\/\/www.ghidini-associati.it\/fr\/presse\/colonne-considerazioni-inattuali\/\">archivio delle puntate di <em>Considerazioni Inattuali<\/em><\/a> su Milano Finanza, dal 2009 a oggi.<\/p>\n<p>&nbsp;<\/p>\n<p>&nbsp;<\/p>\n","protected":false},"excerpt":{"rendered":"<p>Pu\u00f2 un principio di civilt\u00e0 giuridica trasformarsi, per effetto delle sue applicazioni distorte, in un rischio sistemico per interi settori produttivi? \u00c8 il paradosso che solleva l\u2019articolo 29 del d.lgs. 276\/2003, introdotto per garantire tutele ai lavoratori negli appalti, ma che oggi \u2013 a vent\u2019anni dalla sua entrata in vigore \u2013 rischia di aggravare la<\/p><\/div>\n<div class=\"blog-btn\"><a href=\"https:\/\/www.ghidini-associati.it\/fr\/news-fr\/responsabilita-solidale-e-subappalti-il-rischio-di-una-crisi-a-catena\/\" class=\"home-blog-btn\">Lire la suite<\/a><\/p>\n","protected":false},"author":2,"featured_media":11198,"comment_status":"closed","ping_status":"closed","sticky":false,"template":"","format":"standard","meta":{"footnotes":""},"categories":[61,3],"tags":[82],"class_list":["post-11215","post","type-post","status-publish","format-standard","has-post-thumbnail","hentry","category-colonne-considerazioni-inattuali","category-news-fr","tag-news-fr"],"yoast_head":"<!-- This site is optimized with the Yoast SEO plugin v27.5 - https:\/\/yoast.com\/product\/yoast-seo-wordpress\/ -->\n<title>RESPONSABILIT\u00c0 SOLIDALE E SUBAPPALTI: IL RISCHIO DI UNA CRISI A CATENA - Studio Ghidini, Girino &amp; Associati<\/title>\n<meta name=\"description\" content=\"Pu\u00f2 un principio di civilt\u00e0 giuridica trasformarsi, per effetto delle sue applicazioni distorte, in un rischio sistemico per interi settori produttivi? \u00c8\" \/>\n<meta name=\"robots\" content=\"index, follow, max-snippet:-1, max-image-preview:large, max-video-preview:-1\" \/>\n<link rel=\"canonical\" href=\"https:\/\/www.ghidini-associati.it\/fr\/news-fr\/responsabilita-solidale-e-subappalti-il-rischio-di-una-crisi-a-catena\/\" \/>\n<meta property=\"og:locale\" content=\"fr_FR\" \/>\n<meta property=\"og:type\" content=\"article\" \/>\n<meta property=\"og:title\" content=\"RESPONSABILIT\u00c0 SOLIDALE E SUBAPPALTI: IL RISCHIO DI UNA CRISI A CATENA - Studio Ghidini, Girino &amp; Associati\" \/>\n<meta property=\"og:description\" content=\"Pu\u00f2 un principio di civilt\u00e0 giuridica trasformarsi, per effetto delle sue applicazioni distorte, in un rischio sistemico per interi settori produttivi? \u00c8\" \/>\n<meta property=\"og:url\" content=\"https:\/\/www.ghidini-associati.it\/fr\/news-fr\/responsabilita-solidale-e-subappalti-il-rischio-di-una-crisi-a-catena\/\" \/>\n<meta property=\"og:site_name\" content=\"Studio Ghidini, Girino &amp; Associati\" \/>\n<meta property=\"article:published_time\" content=\"2025-07-29T09:44:24+00:00\" \/>\n<meta property=\"article:modified_time\" content=\"2025-07-29T09:47:48+00:00\" \/>\n<meta property=\"og:image\" content=\"https:\/\/www.ghidini-associati.it\/wp-content\/uploads\/2025\/07\/23.07.2025.jpg\" \/>\n\t<meta property=\"og:image:width\" content=\"1333\" \/>\n\t<meta property=\"og:image:height\" content=\"1333\" \/>\n\t<meta property=\"og:image:type\" content=\"image\/jpeg\" \/>\n<meta name=\"author\" content=\"Studio Ghidini, Girino &amp; Associati\" \/>\n<meta name=\"twitter:card\" content=\"summary_large_image\" \/>\n<meta name=\"twitter:label1\" content=\"\u00c9crit par\" \/>\n\t<meta name=\"twitter:data1\" content=\"Studio Ghidini, Girino &amp; Associati\" \/>\n\t<meta name=\"twitter:label2\" content=\"Dur\u00e9e de lecture estim\u00e9e\" \/>\n\t<meta name=\"twitter:data2\" content=\"3 minutes\" \/>\n<script type=\"application\/ld+json\" class=\"yoast-schema-graph\">{\"@context\":\"https:\\\/\\\/schema.org\",\"@graph\":[{\"@type\":\"Article\",\"@id\":\"https:\\\/\\\/www.ghidini-associati.it\\\/fr\\\/news-fr\\\/responsabilita-solidale-e-subappalti-il-rischio-di-una-crisi-a-catena\\\/#article\",\"isPartOf\":{\"@id\":\"https:\\\/\\\/www.ghidini-associati.it\\\/fr\\\/news-fr\\\/responsabilita-solidale-e-subappalti-il-rischio-di-una-crisi-a-catena\\\/\"},\"author\":{\"name\":\"Studio Ghidini, Girino &amp; Associati\",\"@id\":\"https:\\\/\\\/www.ghidini-associati.it\\\/fr\\\/#\\\/schema\\\/person\\\/6b4d2ba65a4bbb71b12151b74e13b909\"},\"headline\":\"RESPONSABILIT\u00c0 SOLIDALE E SUBAPPALTI: IL RISCHIO DI UNA CRISI A CATENA\",\"datePublished\":\"2025-07-29T09:44:24+00:00\",\"dateModified\":\"2025-07-29T09:47:48+00:00\",\"mainEntityOfPage\":{\"@id\":\"https:\\\/\\\/www.ghidini-associati.it\\\/fr\\\/news-fr\\\/responsabilita-solidale-e-subappalti-il-rischio-di-una-crisi-a-catena\\\/\"},\"wordCount\":373,\"publisher\":{\"@id\":\"https:\\\/\\\/www.ghidini-associati.it\\\/fr\\\/#organization\"},\"image\":{\"@id\":\"https:\\\/\\\/www.ghidini-associati.it\\\/fr\\\/news-fr\\\/responsabilita-solidale-e-subappalti-il-rischio-di-una-crisi-a-catena\\\/#primaryimage\"},\"thumbnailUrl\":\"https:\\\/\\\/www.ghidini-associati.it\\\/wp-content\\\/uploads\\\/2025\\\/07\\\/23.07.2025.jpg\",\"keywords\":[\"news-fr\"],\"articleSection\":[\"MF 'Considerazioni inattuali'\",\"News\"],\"inLanguage\":\"fr-FR\"},{\"@type\":\"WebPage\",\"@id\":\"https:\\\/\\\/www.ghidini-associati.it\\\/fr\\\/news-fr\\\/responsabilita-solidale-e-subappalti-il-rischio-di-una-crisi-a-catena\\\/\",\"url\":\"https:\\\/\\\/www.ghidini-associati.it\\\/fr\\\/news-fr\\\/responsabilita-solidale-e-subappalti-il-rischio-di-una-crisi-a-catena\\\/\",\"name\":\"RESPONSABILIT\u00c0 SOLIDALE E SUBAPPALTI: IL RISCHIO DI UNA CRISI A CATENA - Studio Ghidini, Girino &amp; Associati\",\"isPartOf\":{\"@id\":\"https:\\\/\\\/www.ghidini-associati.it\\\/fr\\\/#website\"},\"primaryImageOfPage\":{\"@id\":\"https:\\\/\\\/www.ghidini-associati.it\\\/fr\\\/news-fr\\\/responsabilita-solidale-e-subappalti-il-rischio-di-una-crisi-a-catena\\\/#primaryimage\"},\"image\":{\"@id\":\"https:\\\/\\\/www.ghidini-associati.it\\\/fr\\\/news-fr\\\/responsabilita-solidale-e-subappalti-il-rischio-di-una-crisi-a-catena\\\/#primaryimage\"},\"thumbnailUrl\":\"https:\\\/\\\/www.ghidini-associati.it\\\/wp-content\\\/uploads\\\/2025\\\/07\\\/23.07.2025.jpg\",\"datePublished\":\"2025-07-29T09:44:24+00:00\",\"dateModified\":\"2025-07-29T09:47:48+00:00\",\"description\":\"Pu\u00f2 un principio di civilt\u00e0 giuridica trasformarsi, per effetto delle sue applicazioni distorte, in un rischio sistemico per interi settori produttivi? \u00c8\",\"breadcrumb\":{\"@id\":\"https:\\\/\\\/www.ghidini-associati.it\\\/fr\\\/news-fr\\\/responsabilita-solidale-e-subappalti-il-rischio-di-una-crisi-a-catena\\\/#breadcrumb\"},\"inLanguage\":\"fr-FR\",\"potentialAction\":[{\"@type\":\"ReadAction\",\"target\":[\"https:\\\/\\\/www.ghidini-associati.it\\\/fr\\\/news-fr\\\/responsabilita-solidale-e-subappalti-il-rischio-di-una-crisi-a-catena\\\/\"]}]},{\"@type\":\"ImageObject\",\"inLanguage\":\"fr-FR\",\"@id\":\"https:\\\/\\\/www.ghidini-associati.it\\\/fr\\\/news-fr\\\/responsabilita-solidale-e-subappalti-il-rischio-di-una-crisi-a-catena\\\/#primaryimage\",\"url\":\"https:\\\/\\\/www.ghidini-associati.it\\\/wp-content\\\/uploads\\\/2025\\\/07\\\/23.07.2025.jpg\",\"contentUrl\":\"https:\\\/\\\/www.ghidini-associati.it\\\/wp-content\\\/uploads\\\/2025\\\/07\\\/23.07.2025.jpg\",\"width\":1333,\"height\":1333},{\"@type\":\"BreadcrumbList\",\"@id\":\"https:\\\/\\\/www.ghidini-associati.it\\\/fr\\\/news-fr\\\/responsabilita-solidale-e-subappalti-il-rischio-di-una-crisi-a-catena\\\/#breadcrumb\",\"itemListElement\":[{\"@type\":\"ListItem\",\"position\":1,\"name\":\"Home\",\"item\":\"https:\\\/\\\/www.ghidini-associati.it\\\/fr\\\/\"},{\"@type\":\"ListItem\",\"position\":2,\"name\":\"Presse\",\"item\":\"https:\\\/\\\/www.ghidini-associati.it\\\/fr\\\/category\\\/presse\\\/\"},{\"@type\":\"ListItem\",\"position\":3,\"name\":\"MF 'Considerazioni inattuali'\",\"item\":\"https:\\\/\\\/www.ghidini-associati.it\\\/fr\\\/category\\\/presse\\\/colonne-considerazioni-inattuali\\\/\"},{\"@type\":\"ListItem\",\"position\":4,\"name\":\"RESPONSABILIT\u00c0 SOLIDALE E SUBAPPALTI: IL RISCHIO DI UNA CRISI A CATENA\"}]},{\"@type\":\"WebSite\",\"@id\":\"https:\\\/\\\/www.ghidini-associati.it\\\/fr\\\/#website\",\"url\":\"https:\\\/\\\/www.ghidini-associati.it\\\/fr\\\/\",\"name\":\"Studio Ghidini, Girino &amp; Associati\",\"description\":\"\",\"publisher\":{\"@id\":\"https:\\\/\\\/www.ghidini-associati.it\\\/fr\\\/#organization\"},\"potentialAction\":[{\"@type\":\"SearchAction\",\"target\":{\"@type\":\"EntryPoint\",\"urlTemplate\":\"https:\\\/\\\/www.ghidini-associati.it\\\/fr\\\/?s={search_term_string}\"},\"query-input\":{\"@type\":\"PropertyValueSpecification\",\"valueRequired\":true,\"valueName\":\"search_term_string\"}}],\"inLanguage\":\"fr-FR\"},{\"@type\":\"Organization\",\"@id\":\"https:\\\/\\\/www.ghidini-associati.it\\\/fr\\\/#organization\",\"name\":\"Studio Ghidini, Girino & Associati\",\"url\":\"https:\\\/\\\/www.ghidini-associati.it\\\/fr\\\/\",\"logo\":{\"@type\":\"ImageObject\",\"inLanguage\":\"fr-FR\",\"@id\":\"https:\\\/\\\/www.ghidini-associati.it\\\/fr\\\/#\\\/schema\\\/logo\\\/image\\\/\",\"url\":\"https:\\\/\\\/www.ghidini-associati.it\\\/wp-content\\\/uploads\\\/2019\\\/02\\\/logo-trasp-small.png\",\"contentUrl\":\"https:\\\/\\\/www.ghidini-associati.it\\\/wp-content\\\/uploads\\\/2019\\\/02\\\/logo-trasp-small.png\",\"width\":450,\"height\":84,\"caption\":\"Studio Ghidini, Girino & Associati\"},\"image\":{\"@id\":\"https:\\\/\\\/www.ghidini-associati.it\\\/fr\\\/#\\\/schema\\\/logo\\\/image\\\/\"}},{\"@type\":\"Person\",\"@id\":\"https:\\\/\\\/www.ghidini-associati.it\\\/fr\\\/#\\\/schema\\\/person\\\/6b4d2ba65a4bbb71b12151b74e13b909\",\"name\":\"Studio Ghidini, Girino &amp; Associati\",\"image\":{\"@type\":\"ImageObject\",\"inLanguage\":\"fr-FR\",\"@id\":\"https:\\\/\\\/secure.gravatar.com\\\/avatar\\\/6e9963f8594b87df00e8f11d4176170254d914951828e54a88aeb63e3fdc36b2?s=96&r=g\",\"url\":\"https:\\\/\\\/secure.gravatar.com\\\/avatar\\\/6e9963f8594b87df00e8f11d4176170254d914951828e54a88aeb63e3fdc36b2?s=96&r=g\",\"contentUrl\":\"https:\\\/\\\/secure.gravatar.com\\\/avatar\\\/6e9963f8594b87df00e8f11d4176170254d914951828e54a88aeb63e3fdc36b2?s=96&r=g\",\"caption\":\"Studio Ghidini, Girino &amp; Associati\"},\"description\":\"I Professionisti dello Studio Ghidini Girino e Associati sono chiamati quali relatori di convegni, rendono opinioni su problematiche giuridiche, economiche e finanziarie su primari quotidiani nazionali e su emittenti televisive specializzate.\"}]}<\/script>\n<!-- \/ Yoast SEO plugin. -->","yoast_head_json":{"title":"RESPONSABILIT\u00c0 SOLIDALE E SUBAPPALTI: IL RISCHIO DI UNA CRISI A CATENA - Studio Ghidini, Girino &amp; Associati","description":"Pu\u00f2 un principio di civilt\u00e0 giuridica trasformarsi, per effetto delle sue applicazioni distorte, in un rischio sistemico per interi settori produttivi? \u00c8","robots":{"index":"index","follow":"follow","max-snippet":"max-snippet:-1","max-image-preview":"max-image-preview:large","max-video-preview":"max-video-preview:-1"},"canonical":"https:\/\/www.ghidini-associati.it\/fr\/news-fr\/responsabilita-solidale-e-subappalti-il-rischio-di-una-crisi-a-catena\/","og_locale":"fr_FR","og_type":"article","og_title":"RESPONSABILIT\u00c0 SOLIDALE E SUBAPPALTI: IL RISCHIO DI UNA CRISI A CATENA - Studio Ghidini, Girino &amp; Associati","og_description":"Pu\u00f2 un principio di civilt\u00e0 giuridica trasformarsi, per effetto delle sue applicazioni distorte, in un rischio sistemico per interi settori produttivi? \u00c8","og_url":"https:\/\/www.ghidini-associati.it\/fr\/news-fr\/responsabilita-solidale-e-subappalti-il-rischio-di-una-crisi-a-catena\/","og_site_name":"Studio Ghidini, Girino &amp; Associati","article_published_time":"2025-07-29T09:44:24+00:00","article_modified_time":"2025-07-29T09:47:48+00:00","og_image":[{"width":1333,"height":1333,"url":"https:\/\/www.ghidini-associati.it\/wp-content\/uploads\/2025\/07\/23.07.2025.jpg","type":"image\/jpeg"}],"author":"Studio Ghidini, Girino &amp; Associati","twitter_card":"summary_large_image","twitter_misc":{"\u00c9crit par":"Studio Ghidini, Girino &amp; Associati","Dur\u00e9e de lecture estim\u00e9e":"3 minutes"},"schema":{"@context":"https:\/\/schema.org","@graph":[{"@type":"Article","@id":"https:\/\/www.ghidini-associati.it\/fr\/news-fr\/responsabilita-solidale-e-subappalti-il-rischio-di-una-crisi-a-catena\/#article","isPartOf":{"@id":"https:\/\/www.ghidini-associati.it\/fr\/news-fr\/responsabilita-solidale-e-subappalti-il-rischio-di-una-crisi-a-catena\/"},"author":{"name":"Studio Ghidini, Girino &amp; Associati","@id":"https:\/\/www.ghidini-associati.it\/fr\/#\/schema\/person\/6b4d2ba65a4bbb71b12151b74e13b909"},"headline":"RESPONSABILIT\u00c0 SOLIDALE E SUBAPPALTI: IL RISCHIO DI UNA CRISI A CATENA","datePublished":"2025-07-29T09:44:24+00:00","dateModified":"2025-07-29T09:47:48+00:00","mainEntityOfPage":{"@id":"https:\/\/www.ghidini-associati.it\/fr\/news-fr\/responsabilita-solidale-e-subappalti-il-rischio-di-una-crisi-a-catena\/"},"wordCount":373,"publisher":{"@id":"https:\/\/www.ghidini-associati.it\/fr\/#organization"},"image":{"@id":"https:\/\/www.ghidini-associati.it\/fr\/news-fr\/responsabilita-solidale-e-subappalti-il-rischio-di-una-crisi-a-catena\/#primaryimage"},"thumbnailUrl":"https:\/\/www.ghidini-associati.it\/wp-content\/uploads\/2025\/07\/23.07.2025.jpg","keywords":["news-fr"],"articleSection":["MF 'Considerazioni inattuali'","News"],"inLanguage":"fr-FR"},{"@type":"WebPage","@id":"https:\/\/www.ghidini-associati.it\/fr\/news-fr\/responsabilita-solidale-e-subappalti-il-rischio-di-una-crisi-a-catena\/","url":"https:\/\/www.ghidini-associati.it\/fr\/news-fr\/responsabilita-solidale-e-subappalti-il-rischio-di-una-crisi-a-catena\/","name":"RESPONSABILIT\u00c0 SOLIDALE E SUBAPPALTI: IL RISCHIO DI UNA CRISI A CATENA - Studio Ghidini, Girino &amp; Associati","isPartOf":{"@id":"https:\/\/www.ghidini-associati.it\/fr\/#website"},"primaryImageOfPage":{"@id":"https:\/\/www.ghidini-associati.it\/fr\/news-fr\/responsabilita-solidale-e-subappalti-il-rischio-di-una-crisi-a-catena\/#primaryimage"},"image":{"@id":"https:\/\/www.ghidini-associati.it\/fr\/news-fr\/responsabilita-solidale-e-subappalti-il-rischio-di-una-crisi-a-catena\/#primaryimage"},"thumbnailUrl":"https:\/\/www.ghidini-associati.it\/wp-content\/uploads\/2025\/07\/23.07.2025.jpg","datePublished":"2025-07-29T09:44:24+00:00","dateModified":"2025-07-29T09:47:48+00:00","description":"Pu\u00f2 un principio di civilt\u00e0 giuridica trasformarsi, per effetto delle sue applicazioni distorte, in un rischio sistemico per interi settori produttivi? \u00c8","breadcrumb":{"@id":"https:\/\/www.ghidini-associati.it\/fr\/news-fr\/responsabilita-solidale-e-subappalti-il-rischio-di-una-crisi-a-catena\/#breadcrumb"},"inLanguage":"fr-FR","potentialAction":[{"@type":"ReadAction","target":["https:\/\/www.ghidini-associati.it\/fr\/news-fr\/responsabilita-solidale-e-subappalti-il-rischio-di-una-crisi-a-catena\/"]}]},{"@type":"ImageObject","inLanguage":"fr-FR","@id":"https:\/\/www.ghidini-associati.it\/fr\/news-fr\/responsabilita-solidale-e-subappalti-il-rischio-di-una-crisi-a-catena\/#primaryimage","url":"https:\/\/www.ghidini-associati.it\/wp-content\/uploads\/2025\/07\/23.07.2025.jpg","contentUrl":"https:\/\/www.ghidini-associati.it\/wp-content\/uploads\/2025\/07\/23.07.2025.jpg","width":1333,"height":1333},{"@type":"BreadcrumbList","@id":"https:\/\/www.ghidini-associati.it\/fr\/news-fr\/responsabilita-solidale-e-subappalti-il-rischio-di-una-crisi-a-catena\/#breadcrumb","itemListElement":[{"@type":"ListItem","position":1,"name":"Home","item":"https:\/\/www.ghidini-associati.it\/fr\/"},{"@type":"ListItem","position":2,"name":"Presse","item":"https:\/\/www.ghidini-associati.it\/fr\/category\/presse\/"},{"@type":"ListItem","position":3,"name":"MF 'Considerazioni inattuali'","item":"https:\/\/www.ghidini-associati.it\/fr\/category\/presse\/colonne-considerazioni-inattuali\/"},{"@type":"ListItem","position":4,"name":"RESPONSABILIT\u00c0 SOLIDALE E SUBAPPALTI: IL RISCHIO DI UNA CRISI A CATENA"}]},{"@type":"WebSite","@id":"https:\/\/www.ghidini-associati.it\/fr\/#website","url":"https:\/\/www.ghidini-associati.it\/fr\/","name":"Studio Ghidini, Girino &amp; Associati","description":"","publisher":{"@id":"https:\/\/www.ghidini-associati.it\/fr\/#organization"},"potentialAction":[{"@type":"SearchAction","target":{"@type":"EntryPoint","urlTemplate":"https:\/\/www.ghidini-associati.it\/fr\/?s={search_term_string}"},"query-input":{"@type":"PropertyValueSpecification","valueRequired":true,"valueName":"search_term_string"}}],"inLanguage":"fr-FR"},{"@type":"Organization","@id":"https:\/\/www.ghidini-associati.it\/fr\/#organization","name":"Studio Ghidini, Girino & Associati","url":"https:\/\/www.ghidini-associati.it\/fr\/","logo":{"@type":"ImageObject","inLanguage":"fr-FR","@id":"https:\/\/www.ghidini-associati.it\/fr\/#\/schema\/logo\/image\/","url":"https:\/\/www.ghidini-associati.it\/wp-content\/uploads\/2019\/02\/logo-trasp-small.png","contentUrl":"https:\/\/www.ghidini-associati.it\/wp-content\/uploads\/2019\/02\/logo-trasp-small.png","width":450,"height":84,"caption":"Studio Ghidini, Girino & Associati"},"image":{"@id":"https:\/\/www.ghidini-associati.it\/fr\/#\/schema\/logo\/image\/"}},{"@type":"Person","@id":"https:\/\/www.ghidini-associati.it\/fr\/#\/schema\/person\/6b4d2ba65a4bbb71b12151b74e13b909","name":"Studio Ghidini, Girino &amp; Associati","image":{"@type":"ImageObject","inLanguage":"fr-FR","@id":"https:\/\/secure.gravatar.com\/avatar\/6e9963f8594b87df00e8f11d4176170254d914951828e54a88aeb63e3fdc36b2?s=96&r=g","url":"https:\/\/secure.gravatar.com\/avatar\/6e9963f8594b87df00e8f11d4176170254d914951828e54a88aeb63e3fdc36b2?s=96&r=g","contentUrl":"https:\/\/secure.gravatar.com\/avatar\/6e9963f8594b87df00e8f11d4176170254d914951828e54a88aeb63e3fdc36b2?s=96&r=g","caption":"Studio Ghidini, Girino &amp; Associati"},"description":"I Professionisti dello Studio Ghidini Girino e Associati sono chiamati quali relatori di convegni, rendono opinioni su problematiche giuridiche, economiche e finanziarie su primari quotidiani nazionali e su emittenti televisive specializzate."}]}},"_links":{"self":[{"href":"https:\/\/www.ghidini-associati.it\/fr\/wp-json\/wp\/v2\/posts\/11215","targetHints":{"allow":["GET"]}}],"collection":[{"href":"https:\/\/www.ghidini-associati.it\/fr\/wp-json\/wp\/v2\/posts"}],"about":[{"href":"https:\/\/www.ghidini-associati.it\/fr\/wp-json\/wp\/v2\/types\/post"}],"author":[{"embeddable":true,"href":"https:\/\/www.ghidini-associati.it\/fr\/wp-json\/wp\/v2\/users\/2"}],"replies":[{"embeddable":true,"href":"https:\/\/www.ghidini-associati.it\/fr\/wp-json\/wp\/v2\/comments?post=11215"}],"version-history":[{"count":1,"href":"https:\/\/www.ghidini-associati.it\/fr\/wp-json\/wp\/v2\/posts\/11215\/revisions"}],"predecessor-version":[{"id":11219,"href":"https:\/\/www.ghidini-associati.it\/fr\/wp-json\/wp\/v2\/posts\/11215\/revisions\/11219"}],"wp:featuredmedia":[{"embeddable":true,"href":"https:\/\/www.ghidini-associati.it\/fr\/wp-json\/wp\/v2\/media\/11198"}],"wp:attachment":[{"href":"https:\/\/www.ghidini-associati.it\/fr\/wp-json\/wp\/v2\/media?parent=11215"}],"wp:term":[{"taxonomy":"category","embeddable":true,"href":"https:\/\/www.ghidini-associati.it\/fr\/wp-json\/wp\/v2\/categories?post=11215"},{"taxonomy":"post_tag","embeddable":true,"href":"https:\/\/www.ghidini-associati.it\/fr\/wp-json\/wp\/v2\/tags?post=11215"}],"curies":[{"name":"wp","href":"https:\/\/api.w.org\/{rel}","templated":true}]}}