{"id":10335,"date":"2024-05-13T21:23:36","date_gmt":"2024-05-13T19:23:36","guid":{"rendered":"https:\/\/www.ghidini-associati.it\/?p=10335"},"modified":"2024-05-08T21:31:50","modified_gmt":"2024-05-08T19:31:50","slug":"lintelligenza-artificiale-e-creativa-un-convegno-a-milano","status":"publish","type":"post","link":"https:\/\/www.ghidini-associati.it\/fr\/conferences-fr\/lintelligenza-artificiale-e-creativa-un-convegno-a-milano\/","title":{"rendered":"L\u2019intelligenza artificiale \u00e8 creativa? Un convegno a Milano"},"content":{"rendered":"<p>Lo Studio Ghidini Girino e Associati parteciper\u00e0 al webinar, per i dettagli del programma ed ulteriori informazioni si prega di scaricare e visionare la locandina.<\/p>\n<p><strong>L\u2019INTELLIGENZA ARTIFICIALE \u00c8 CREATIVA? UN CONVEGNO A MILANO<\/strong><\/p>\n<p>Luned\u00ec 13 maggio 2024 ore 16:30 \u2013 18:30<br \/>\nSala Malliani &#8211; Via Festa del Perdono 7, Milano<\/p>\n<p><span class=\"fa fa-file-pdf-o\"><a href=\"\/convegni\/144_Convegno.pdf\" target=\"_blank\" rel=\"noopener noreferrer\">Scarica la locandina in PDF<\/a><\/span><\/p>\n","protected":false},"excerpt":{"rendered":"<p>Lo Studio Ghidini Girino e Associati parteciper\u00e0 al webinar, per i dettagli del programma ed ulteriori informazioni si prega di scaricare e visionare la locandina. L\u2019INTELLIGENZA ARTIFICIALE \u00c8 CREATIVA? UN CONVEGNO A MILANO Luned\u00ec 13 maggio 2024 ore 16:30 \u2013 18:30 Sala Malliani &#8211; Via Festa del Perdono 7, Milano Scarica la locandina in PDF<\/p>\n","protected":false},"author":2,"featured_media":10345,"comment_status":"closed","ping_status":"closed","sticky":false,"template":"","format":"standard","meta":{"footnotes":""},"categories":[70],"tags":[],"class_list":["post-10335","post","type-post","status-publish","format-standard","has-post-thumbnail","hentry","category-conferences-fr"],"yoast_head":"<!-- This site is optimized with the Yoast SEO plugin v27.5 - https:\/\/yoast.com\/product\/yoast-seo-wordpress\/ -->\n<title>L\u2019intelligenza artificiale \u00e8 creativa? Un convegno a Milano - Studio Ghidini, Girino &amp; Associati<\/title>\n<meta name=\"description\" content=\"Lo Studio Ghidini Girino e Associati parteciper\u00e0 al webinar, per i dettagli del programma ed ulteriori informazioni si prega di scaricare e visionare la\" \/>\n<meta name=\"robots\" content=\"index, follow, max-snippet:-1, max-image-preview:large, max-video-preview:-1\" \/>\n<link rel=\"canonical\" href=\"https:\/\/www.ghidini-associati.it\/fr\/conferences-fr\/lintelligenza-artificiale-e-creativa-un-convegno-a-milano\/\" \/>\n<meta property=\"og:locale\" content=\"fr_FR\" \/>\n<meta property=\"og:type\" content=\"article\" \/>\n<meta property=\"og:title\" content=\"L\u2019intelligenza artificiale \u00e8 creativa? Un convegno a Milano - Studio Ghidini, Girino &amp; Associati\" \/>\n<meta property=\"og:description\" content=\"Lo Studio Ghidini Girino e Associati parteciper\u00e0 al webinar, per i dettagli del programma ed ulteriori informazioni si prega di scaricare e visionare la\" \/>\n<meta property=\"og:url\" content=\"https:\/\/www.ghidini-associati.it\/fr\/conferences-fr\/lintelligenza-artificiale-e-creativa-un-convegno-a-milano\/\" \/>\n<meta property=\"og:site_name\" content=\"Studio Ghidini, Girino &amp; Associati\" \/>\n<meta property=\"article:published_time\" content=\"2024-05-13T19:23:36+00:00\" \/>\n<meta name=\"author\" content=\"Studio Ghidini, Girino &amp; Associati\" \/>\n<meta name=\"twitter:card\" content=\"summary_large_image\" \/>\n<meta name=\"twitter:label1\" content=\"\u00c9crit par\" \/>\n\t<meta name=\"twitter:data1\" content=\"Studio Ghidini, Girino &amp; Associati\" \/>\n\t<meta name=\"twitter:label2\" content=\"Dur\u00e9e de lecture estim\u00e9e\" \/>\n\t<meta name=\"twitter:data2\" content=\"1 minute\" \/>\n<script type=\"application\/ld+json\" class=\"yoast-schema-graph\">{\"@context\":\"https:\\\/\\\/schema.org\",\"@graph\":[{\"@type\":\"Article\",\"@id\":\"https:\\\/\\\/www.ghidini-associati.it\\\/fr\\\/conferences-fr\\\/lintelligenza-artificiale-e-creativa-un-convegno-a-milano\\\/#article\",\"isPartOf\":{\"@id\":\"https:\\\/\\\/www.ghidini-associati.it\\\/fr\\\/conferences-fr\\\/lintelligenza-artificiale-e-creativa-un-convegno-a-milano\\\/\"},\"author\":{\"name\":\"Studio Ghidini, Girino &amp; Associati\",\"@id\":\"https:\\\/\\\/www.ghidini-associati.it\\\/fr\\\/#\\\/schema\\\/person\\\/6b4d2ba65a4bbb71b12151b74e13b909\"},\"headline\":\"L\u2019intelligenza artificiale \u00e8 creativa? Un convegno a Milano\",\"datePublished\":\"2024-05-13T19:23:36+00:00\",\"mainEntityOfPage\":{\"@id\":\"https:\\\/\\\/www.ghidini-associati.it\\\/fr\\\/conferences-fr\\\/lintelligenza-artificiale-e-creativa-un-convegno-a-milano\\\/\"},\"wordCount\":57,\"publisher\":{\"@id\":\"https:\\\/\\\/www.ghidini-associati.it\\\/fr\\\/#organization\"},\"image\":{\"@id\":\"https:\\\/\\\/www.ghidini-associati.it\\\/fr\\\/conferences-fr\\\/lintelligenza-artificiale-e-creativa-un-convegno-a-milano\\\/#primaryimage\"},\"thumbnailUrl\":\"https:\\\/\\\/www.ghidini-associati.it\\\/wp-content\\\/uploads\\\/2024\\\/05\\\/07.05.20242.jpg\",\"articleSection\":[\"Seminaires et Conferences\"],\"inLanguage\":\"fr-FR\"},{\"@type\":\"WebPage\",\"@id\":\"https:\\\/\\\/www.ghidini-associati.it\\\/fr\\\/conferences-fr\\\/lintelligenza-artificiale-e-creativa-un-convegno-a-milano\\\/\",\"url\":\"https:\\\/\\\/www.ghidini-associati.it\\\/fr\\\/conferences-fr\\\/lintelligenza-artificiale-e-creativa-un-convegno-a-milano\\\/\",\"name\":\"L\u2019intelligenza artificiale \u00e8 creativa? Un convegno a Milano - Studio Ghidini, Girino &amp; Associati\",\"isPartOf\":{\"@id\":\"https:\\\/\\\/www.ghidini-associati.it\\\/fr\\\/#website\"},\"primaryImageOfPage\":{\"@id\":\"https:\\\/\\\/www.ghidini-associati.it\\\/fr\\\/conferences-fr\\\/lintelligenza-artificiale-e-creativa-un-convegno-a-milano\\\/#primaryimage\"},\"image\":{\"@id\":\"https:\\\/\\\/www.ghidini-associati.it\\\/fr\\\/conferences-fr\\\/lintelligenza-artificiale-e-creativa-un-convegno-a-milano\\\/#primaryimage\"},\"thumbnailUrl\":\"https:\\\/\\\/www.ghidini-associati.it\\\/wp-content\\\/uploads\\\/2024\\\/05\\\/07.05.20242.jpg\",\"datePublished\":\"2024-05-13T19:23:36+00:00\",\"description\":\"Lo Studio Ghidini Girino e Associati parteciper\u00e0 al webinar, per i dettagli del programma ed ulteriori informazioni si prega di scaricare e visionare la\",\"breadcrumb\":{\"@id\":\"https:\\\/\\\/www.ghidini-associati.it\\\/fr\\\/conferences-fr\\\/lintelligenza-artificiale-e-creativa-un-convegno-a-milano\\\/#breadcrumb\"},\"inLanguage\":\"fr-FR\",\"potentialAction\":[{\"@type\":\"ReadAction\",\"target\":[\"https:\\\/\\\/www.ghidini-associati.it\\\/fr\\\/conferences-fr\\\/lintelligenza-artificiale-e-creativa-un-convegno-a-milano\\\/\"]}]},{\"@type\":\"ImageObject\",\"inLanguage\":\"fr-FR\",\"@id\":\"https:\\\/\\\/www.ghidini-associati.it\\\/fr\\\/conferences-fr\\\/lintelligenza-artificiale-e-creativa-un-convegno-a-milano\\\/#primaryimage\",\"url\":\"https:\\\/\\\/www.ghidini-associati.it\\\/wp-content\\\/uploads\\\/2024\\\/05\\\/07.05.20242.jpg\",\"contentUrl\":\"https:\\\/\\\/www.ghidini-associati.it\\\/wp-content\\\/uploads\\\/2024\\\/05\\\/07.05.20242.jpg\",\"width\":2000,\"height\":2000},{\"@type\":\"BreadcrumbList\",\"@id\":\"https:\\\/\\\/www.ghidini-associati.it\\\/fr\\\/conferences-fr\\\/lintelligenza-artificiale-e-creativa-un-convegno-a-milano\\\/#breadcrumb\",\"itemListElement\":[{\"@type\":\"ListItem\",\"position\":1,\"name\":\"Home\",\"item\":\"https:\\\/\\\/www.ghidini-associati.it\\\/fr\\\/\"},{\"@type\":\"ListItem\",\"position\":2,\"name\":\"Seminar and Conferences\",\"item\":\"https:\\\/\\\/www.ghidini-associati.it\\\/en\\\/category\\\/conferences-en\\\/\"},{\"@type\":\"ListItem\",\"position\":3,\"name\":\"L\u2019intelligenza artificiale \u00e8 creativa? Un convegno a Milano\"}]},{\"@type\":\"WebSite\",\"@id\":\"https:\\\/\\\/www.ghidini-associati.it\\\/fr\\\/#website\",\"url\":\"https:\\\/\\\/www.ghidini-associati.it\\\/fr\\\/\",\"name\":\"Studio Ghidini, Girino &amp; Associati\",\"description\":\"\",\"publisher\":{\"@id\":\"https:\\\/\\\/www.ghidini-associati.it\\\/fr\\\/#organization\"},\"potentialAction\":[{\"@type\":\"SearchAction\",\"target\":{\"@type\":\"EntryPoint\",\"urlTemplate\":\"https:\\\/\\\/www.ghidini-associati.it\\\/fr\\\/?s={search_term_string}\"},\"query-input\":{\"@type\":\"PropertyValueSpecification\",\"valueRequired\":true,\"valueName\":\"search_term_string\"}}],\"inLanguage\":\"fr-FR\"},{\"@type\":\"Organization\",\"@id\":\"https:\\\/\\\/www.ghidini-associati.it\\\/fr\\\/#organization\",\"name\":\"Studio Ghidini, Girino & Associati\",\"url\":\"https:\\\/\\\/www.ghidini-associati.it\\\/fr\\\/\",\"logo\":{\"@type\":\"ImageObject\",\"inLanguage\":\"fr-FR\",\"@id\":\"https:\\\/\\\/www.ghidini-associati.it\\\/fr\\\/#\\\/schema\\\/logo\\\/image\\\/\",\"url\":\"https:\\\/\\\/www.ghidini-associati.it\\\/wp-content\\\/uploads\\\/2019\\\/02\\\/logo-trasp-small.png\",\"contentUrl\":\"https:\\\/\\\/www.ghidini-associati.it\\\/wp-content\\\/uploads\\\/2019\\\/02\\\/logo-trasp-small.png\",\"width\":450,\"height\":84,\"caption\":\"Studio Ghidini, Girino & Associati\"},\"image\":{\"@id\":\"https:\\\/\\\/www.ghidini-associati.it\\\/fr\\\/#\\\/schema\\\/logo\\\/image\\\/\"}},{\"@type\":\"Person\",\"@id\":\"https:\\\/\\\/www.ghidini-associati.it\\\/fr\\\/#\\\/schema\\\/person\\\/6b4d2ba65a4bbb71b12151b74e13b909\",\"name\":\"Studio Ghidini, Girino &amp; Associati\",\"image\":{\"@type\":\"ImageObject\",\"inLanguage\":\"fr-FR\",\"@id\":\"https:\\\/\\\/secure.gravatar.com\\\/avatar\\\/6e9963f8594b87df00e8f11d4176170254d914951828e54a88aeb63e3fdc36b2?s=96&r=g\",\"url\":\"https:\\\/\\\/secure.gravatar.com\\\/avatar\\\/6e9963f8594b87df00e8f11d4176170254d914951828e54a88aeb63e3fdc36b2?s=96&r=g\",\"contentUrl\":\"https:\\\/\\\/secure.gravatar.com\\\/avatar\\\/6e9963f8594b87df00e8f11d4176170254d914951828e54a88aeb63e3fdc36b2?s=96&r=g\",\"caption\":\"Studio Ghidini, Girino &amp; Associati\"},\"description\":\"I Professionisti dello Studio Ghidini Girino e Associati sono chiamati quali relatori di convegni, rendono opinioni su problematiche giuridiche, economiche e finanziarie su primari quotidiani nazionali e su emittenti televisive specializzate.\"}]}<\/script>\n<!-- \/ Yoast SEO plugin. -->","yoast_head_json":{"title":"L\u2019intelligenza artificiale \u00e8 creativa? Un convegno a Milano - Studio Ghidini, Girino &amp; Associati","description":"Lo Studio Ghidini Girino e Associati parteciper\u00e0 al webinar, per i dettagli del programma ed ulteriori informazioni si prega di scaricare e visionare la","robots":{"index":"index","follow":"follow","max-snippet":"max-snippet:-1","max-image-preview":"max-image-preview:large","max-video-preview":"max-video-preview:-1"},"canonical":"https:\/\/www.ghidini-associati.it\/fr\/conferences-fr\/lintelligenza-artificiale-e-creativa-un-convegno-a-milano\/","og_locale":"fr_FR","og_type":"article","og_title":"L\u2019intelligenza artificiale \u00e8 creativa? Un convegno a Milano - Studio Ghidini, Girino &amp; Associati","og_description":"Lo Studio Ghidini Girino e Associati parteciper\u00e0 al webinar, per i dettagli del programma ed ulteriori informazioni si prega di scaricare e visionare la","og_url":"https:\/\/www.ghidini-associati.it\/fr\/conferences-fr\/lintelligenza-artificiale-e-creativa-un-convegno-a-milano\/","og_site_name":"Studio Ghidini, Girino &amp; Associati","article_published_time":"2024-05-13T19:23:36+00:00","author":"Studio Ghidini, Girino &amp; Associati","twitter_card":"summary_large_image","twitter_misc":{"\u00c9crit par":"Studio Ghidini, Girino &amp; Associati","Dur\u00e9e de lecture estim\u00e9e":"1 minute"},"schema":{"@context":"https:\/\/schema.org","@graph":[{"@type":"Article","@id":"https:\/\/www.ghidini-associati.it\/fr\/conferences-fr\/lintelligenza-artificiale-e-creativa-un-convegno-a-milano\/#article","isPartOf":{"@id":"https:\/\/www.ghidini-associati.it\/fr\/conferences-fr\/lintelligenza-artificiale-e-creativa-un-convegno-a-milano\/"},"author":{"name":"Studio Ghidini, Girino &amp; Associati","@id":"https:\/\/www.ghidini-associati.it\/fr\/#\/schema\/person\/6b4d2ba65a4bbb71b12151b74e13b909"},"headline":"L\u2019intelligenza artificiale \u00e8 creativa? Un convegno a Milano","datePublished":"2024-05-13T19:23:36+00:00","mainEntityOfPage":{"@id":"https:\/\/www.ghidini-associati.it\/fr\/conferences-fr\/lintelligenza-artificiale-e-creativa-un-convegno-a-milano\/"},"wordCount":57,"publisher":{"@id":"https:\/\/www.ghidini-associati.it\/fr\/#organization"},"image":{"@id":"https:\/\/www.ghidini-associati.it\/fr\/conferences-fr\/lintelligenza-artificiale-e-creativa-un-convegno-a-milano\/#primaryimage"},"thumbnailUrl":"https:\/\/www.ghidini-associati.it\/wp-content\/uploads\/2024\/05\/07.05.20242.jpg","articleSection":["Seminaires et Conferences"],"inLanguage":"fr-FR"},{"@type":"WebPage","@id":"https:\/\/www.ghidini-associati.it\/fr\/conferences-fr\/lintelligenza-artificiale-e-creativa-un-convegno-a-milano\/","url":"https:\/\/www.ghidini-associati.it\/fr\/conferences-fr\/lintelligenza-artificiale-e-creativa-un-convegno-a-milano\/","name":"L\u2019intelligenza artificiale \u00e8 creativa? Un convegno a Milano - Studio Ghidini, Girino &amp; Associati","isPartOf":{"@id":"https:\/\/www.ghidini-associati.it\/fr\/#website"},"primaryImageOfPage":{"@id":"https:\/\/www.ghidini-associati.it\/fr\/conferences-fr\/lintelligenza-artificiale-e-creativa-un-convegno-a-milano\/#primaryimage"},"image":{"@id":"https:\/\/www.ghidini-associati.it\/fr\/conferences-fr\/lintelligenza-artificiale-e-creativa-un-convegno-a-milano\/#primaryimage"},"thumbnailUrl":"https:\/\/www.ghidini-associati.it\/wp-content\/uploads\/2024\/05\/07.05.20242.jpg","datePublished":"2024-05-13T19:23:36+00:00","description":"Lo Studio Ghidini Girino e Associati parteciper\u00e0 al webinar, per i dettagli del programma ed ulteriori informazioni si prega di scaricare e visionare la","breadcrumb":{"@id":"https:\/\/www.ghidini-associati.it\/fr\/conferences-fr\/lintelligenza-artificiale-e-creativa-un-convegno-a-milano\/#breadcrumb"},"inLanguage":"fr-FR","potentialAction":[{"@type":"ReadAction","target":["https:\/\/www.ghidini-associati.it\/fr\/conferences-fr\/lintelligenza-artificiale-e-creativa-un-convegno-a-milano\/"]}]},{"@type":"ImageObject","inLanguage":"fr-FR","@id":"https:\/\/www.ghidini-associati.it\/fr\/conferences-fr\/lintelligenza-artificiale-e-creativa-un-convegno-a-milano\/#primaryimage","url":"https:\/\/www.ghidini-associati.it\/wp-content\/uploads\/2024\/05\/07.05.20242.jpg","contentUrl":"https:\/\/www.ghidini-associati.it\/wp-content\/uploads\/2024\/05\/07.05.20242.jpg","width":2000,"height":2000},{"@type":"BreadcrumbList","@id":"https:\/\/www.ghidini-associati.it\/fr\/conferences-fr\/lintelligenza-artificiale-e-creativa-un-convegno-a-milano\/#breadcrumb","itemListElement":[{"@type":"ListItem","position":1,"name":"Home","item":"https:\/\/www.ghidini-associati.it\/fr\/"},{"@type":"ListItem","position":2,"name":"Seminar and Conferences","item":"https:\/\/www.ghidini-associati.it\/en\/category\/conferences-en\/"},{"@type":"ListItem","position":3,"name":"L\u2019intelligenza artificiale \u00e8 creativa? Un convegno a Milano"}]},{"@type":"WebSite","@id":"https:\/\/www.ghidini-associati.it\/fr\/#website","url":"https:\/\/www.ghidini-associati.it\/fr\/","name":"Studio Ghidini, Girino &amp; Associati","description":"","publisher":{"@id":"https:\/\/www.ghidini-associati.it\/fr\/#organization"},"potentialAction":[{"@type":"SearchAction","target":{"@type":"EntryPoint","urlTemplate":"https:\/\/www.ghidini-associati.it\/fr\/?s={search_term_string}"},"query-input":{"@type":"PropertyValueSpecification","valueRequired":true,"valueName":"search_term_string"}}],"inLanguage":"fr-FR"},{"@type":"Organization","@id":"https:\/\/www.ghidini-associati.it\/fr\/#organization","name":"Studio Ghidini, Girino & Associati","url":"https:\/\/www.ghidini-associati.it\/fr\/","logo":{"@type":"ImageObject","inLanguage":"fr-FR","@id":"https:\/\/www.ghidini-associati.it\/fr\/#\/schema\/logo\/image\/","url":"https:\/\/www.ghidini-associati.it\/wp-content\/uploads\/2019\/02\/logo-trasp-small.png","contentUrl":"https:\/\/www.ghidini-associati.it\/wp-content\/uploads\/2019\/02\/logo-trasp-small.png","width":450,"height":84,"caption":"Studio Ghidini, Girino & Associati"},"image":{"@id":"https:\/\/www.ghidini-associati.it\/fr\/#\/schema\/logo\/image\/"}},{"@type":"Person","@id":"https:\/\/www.ghidini-associati.it\/fr\/#\/schema\/person\/6b4d2ba65a4bbb71b12151b74e13b909","name":"Studio Ghidini, Girino &amp; Associati","image":{"@type":"ImageObject","inLanguage":"fr-FR","@id":"https:\/\/secure.gravatar.com\/avatar\/6e9963f8594b87df00e8f11d4176170254d914951828e54a88aeb63e3fdc36b2?s=96&r=g","url":"https:\/\/secure.gravatar.com\/avatar\/6e9963f8594b87df00e8f11d4176170254d914951828e54a88aeb63e3fdc36b2?s=96&r=g","contentUrl":"https:\/\/secure.gravatar.com\/avatar\/6e9963f8594b87df00e8f11d4176170254d914951828e54a88aeb63e3fdc36b2?s=96&r=g","caption":"Studio Ghidini, Girino &amp; Associati"},"description":"I Professionisti dello Studio Ghidini Girino e Associati sono chiamati quali relatori di convegni, rendono opinioni su problematiche giuridiche, economiche e finanziarie su primari quotidiani nazionali e su emittenti televisive specializzate."}]}},"_links":{"self":[{"href":"https:\/\/www.ghidini-associati.it\/fr\/wp-json\/wp\/v2\/posts\/10335","targetHints":{"allow":["GET"]}}],"collection":[{"href":"https:\/\/www.ghidini-associati.it\/fr\/wp-json\/wp\/v2\/posts"}],"about":[{"href":"https:\/\/www.ghidini-associati.it\/fr\/wp-json\/wp\/v2\/types\/post"}],"author":[{"embeddable":true,"href":"https:\/\/www.ghidini-associati.it\/fr\/wp-json\/wp\/v2\/users\/2"}],"replies":[{"embeddable":true,"href":"https:\/\/www.ghidini-associati.it\/fr\/wp-json\/wp\/v2\/comments?post=10335"}],"version-history":[{"count":0,"href":"https:\/\/www.ghidini-associati.it\/fr\/wp-json\/wp\/v2\/posts\/10335\/revisions"}],"wp:featuredmedia":[{"embeddable":true,"href":"https:\/\/www.ghidini-associati.it\/fr\/wp-json\/wp\/v2\/media\/10345"}],"wp:attachment":[{"href":"https:\/\/www.ghidini-associati.it\/fr\/wp-json\/wp\/v2\/media?parent=10335"}],"wp:term":[{"taxonomy":"category","embeddable":true,"href":"https:\/\/www.ghidini-associati.it\/fr\/wp-json\/wp\/v2\/categories?post=10335"},{"taxonomy":"post_tag","embeddable":true,"href":"https:\/\/www.ghidini-associati.it\/fr\/wp-json\/wp\/v2\/tags?post=10335"}],"curies":[{"name":"wp","href":"https:\/\/api.w.org\/{rel}","templated":true}]}}