{"id":5385,"date":"2020-05-30T09:40:27","date_gmt":"2020-05-30T07:40:27","guid":{"rendered":"https:\/\/www.ghidini-associati.it\/news-en\/rating-dopo-la-spallata-di-francoforte\/"},"modified":"2020-06-04T10:36:34","modified_gmt":"2020-06-04T08:36:34","slug":"rating-dopo-la-spallata-di-francoforte","status":"publish","type":"post","link":"https:\/\/www.ghidini-associati.it\/en\/press-room\/column-considerazioni-inattuali\/rating-dopo-la-spallata-di-francoforte\/","title":{"rendered":"Che fine faranno i rating dopo la spallata di Francoforte"},"content":{"rendered":"<p>La Ue s&#8217;era impegnata per iscritto. \u00abL&#8217;Unione sta rivedendo [\u2026] tutti i riferimenti ai rating del credito per scopi regolamentari, con l&#8217;obiettivo di eliminarli entro il 2020, a condizione che siano identificate e attuate alternative adeguate alla valutazione del rischio di credito\u00bb.<\/p>\n<p>Cos\u00ec recita il 6\u00b0 considerando del reg. 462\/2013 che modific\u00f2, in piena crisi, il reg. 1060\/2009. La stessa riforma, che introdusse l&#8217;utopico divieto di sovraffidamento (overreliance) e il diabolico meccanismo per la prova del danno, si poneva l&#8217;ambizioso fine di evitare che norme Ue e nazionali continuassero a vincolare le scelte degli investitori al rilascio del rating. Da allora in poi si disquis\u00ec a lungo sulla creazione di un&#8217;agenzia indipendente europea, che mai vedr\u00e0 la luce.<\/p>\n<p>Il rapporto della Commissione del 19\/10\/2016 ridimensiona quell&#8217;ambizione. Vi si legge, in breve, che il mercato \u00e8 dominato per il 91,89% da S&amp;P, Moody&#8217;s e Fitch che spadroneggiano anche sul versante commissionale, le agenzie minori faticano ad affermarsi, malgrado ogni successivo intervento normativo (direttive e regolamenti Gefia, Oicvm, Emir, Crr, Crd IV, Solvency II) l&#8217;overreliance \u00e8 dura a morire, i credit scoring delle banche centrali nazionali non sono comparabili, quelli dell&#8217;Ocse limitati a rischi specifici. Concludendo: sul mercato non ci sono, per ora, valide alternative e si confida in un&#8217;evoluzione a lungo termine. Qualcosa per\u00f2 nel frattempo \u00e8 cambiato.<\/p>\n<p>Intanto sembra che i rater stiano perdendo signoria. Lo dimostra la debole reazione dei mercati all&#8217;ultimo declassamento del debito italiano ad opera di Fitch. Ma il colpo pi\u00f9 violento l&#8217;ha sferrato la Bce il 21 aprile, dichiarando che avrebbe accettato, a garanzia dei prestiti concessi alle banche, anche i titoli sovrani e societari con rating inferiore a quello attuale purch\u00e9 non oltre la doppia B. L&#8217;inevitabile maggior debito derivante dal disastro virale ed eventuali declassamenti non impediranno alle banche di continuare a utilizzare titoli di stato come collaterali. Ci voleva una pandemia mondiale perch\u00e9 il dossier si riaprisse.<\/p>\n<p>Non per mano della silente Commissione ma per scelta della Bce, una volta di pi\u00f9 in veste supplente. La spallata ha una data di scadenza (settembre 2021) ma non sar\u00e0 l&#8217;inizio d&#8217;una vera svolta? Esclusa, a quanto pare, la creazione di un&#8217;agenzia europea, potrebbe essere la stessa Bce a favorire il divieto di sovraffidamento. Basterebbe che la banca centrale rivedesse, ai propri fini, i rating emessi dalle principali agenzie correggendoli attraverso la considerazione di fattori normalmente ignorati. Tre in particolare: l&#8217;assenza di un default, anche solo parziale, del singolo stato; il livello del debito privato; la ricchezza globale del paese.<\/p>\n<p>Un debito sovrano mai disonorato \u00e8 sinonimo di buon pagatore, un basso debito privato esprime un pi\u00f9 basso livello di indebitamento complessivo di un paese, una sostanziosa ricchezza \u00e8 di per s\u00e9 una garanzia di affidabilit\u00e0. A questi tre fattori andrebbero associati notch in aumento rispetto a quelli attribuiti dalle agenzie, pervenendo a formulare anche diversi rating della Bce per i paesi dell&#8217;Unione. Non servirebbe neppure estirpare i rating dai regolamenti: basterebbe inserirvi il riferimento congiunto ai rating terzi e ai rating Bce, stabilendo il principio per cui prevalga quello pi\u00f9 favorevole. Progressivamente, i giudizi delle agenzie finiranno con l&#8217;allinearsi a quelli della banca centrale, con riduzione del sovraffidamento.<\/p>\n<p><span class=\"fa fa-file-pdf-o\"> <a href=\"\/sala_stampa\/rubrica_considerazioni_inattuali_\/2020_ci_05_30.pdf\" target=\"_blank\" rel=\"noopener noreferrer\">Scarica articolo in PDF<\/a><\/span><\/p>\n","protected":false},"excerpt":{"rendered":"<p>La Ue s&#8217;era impegnata per iscritto. \u00abL&#8217;Unione sta rivedendo [\u2026] tutti i riferimenti ai rating del credito per scopi regolamentari, con l&#8217;obiettivo di eliminarli entro il 2020, a condizione che siano identificate e attuate alternative adeguate alla valutazione del rischio di credito\u00bb. Cos\u00ec recita il 6\u00b0 considerando del reg. 462\/2013 che modific\u00f2, in piena crisi,<\/p><\/div>\n<div class=\"blog-btn\"><a href=\"https:\/\/www.ghidini-associati.it\/en\/press-room\/column-considerazioni-inattuali\/rating-dopo-la-spallata-di-francoforte\/\" class=\"home-blog-btn\">Read More<\/a><\/p>\n","protected":false},"author":5,"featured_media":5378,"comment_status":"closed","ping_status":"closed","sticky":false,"template":"","format":"standard","meta":{"footnotes":""},"categories":[60],"tags":[],"class_list":["post-5385","post","type-post","status-publish","format-standard","has-post-thumbnail","hentry","category-column-considerazioni-inattuali"],"yoast_head":"<!-- This site is optimized with the Yoast SEO plugin v27.5 - https:\/\/yoast.com\/product\/yoast-seo-wordpress\/ -->\n<title>Che fine faranno i rating dopo la spallata di Francoforte - Studio Ghidini, Girino &amp; Associati<\/title>\n<meta name=\"description\" content=\"La Ue s&#039;era impegnata per iscritto. \u00abL&#039;Unione sta rivedendo tutti i riferimenti ai rating del credito per scopi regolamentari, con l&#039;obiettivo di\" \/>\n<meta name=\"robots\" content=\"index, follow, max-snippet:-1, max-image-preview:large, max-video-preview:-1\" \/>\n<link rel=\"canonical\" href=\"https:\/\/www.ghidini-associati.it\/en\/press-room\/column-considerazioni-inattuali\/rating-dopo-la-spallata-di-francoforte\/\" \/>\n<meta property=\"og:locale\" content=\"en_US\" \/>\n<meta property=\"og:type\" content=\"article\" \/>\n<meta property=\"og:title\" content=\"Che fine faranno i rating dopo la spallata di Francoforte - Studio Ghidini, Girino &amp; Associati\" \/>\n<meta property=\"og:description\" content=\"La Ue s&#039;era impegnata per iscritto. \u00abL&#039;Unione sta rivedendo tutti i riferimenti ai rating del credito per scopi regolamentari, con l&#039;obiettivo di\" \/>\n<meta property=\"og:url\" content=\"https:\/\/www.ghidini-associati.it\/en\/press-room\/column-considerazioni-inattuali\/rating-dopo-la-spallata-di-francoforte\/\" \/>\n<meta property=\"og:site_name\" content=\"Studio Ghidini, Girino &amp; Associati\" \/>\n<meta property=\"article:published_time\" content=\"2020-05-30T07:40:27+00:00\" \/>\n<meta property=\"article:modified_time\" content=\"2020-06-04T08:36:34+00:00\" \/>\n<meta property=\"og:image\" content=\"https:\/\/www.ghidini-associati.it\/wp-content\/uploads\/2020\/06\/RATING1.jpg\" \/>\n\t<meta property=\"og:image:width\" content=\"1024\" \/>\n\t<meta property=\"og:image:height\" content=\"685\" \/>\n\t<meta property=\"og:image:type\" content=\"image\/jpeg\" \/>\n<meta name=\"author\" content=\"Emilio Girino\" \/>\n<meta name=\"twitter:card\" content=\"summary_large_image\" \/>\n<meta name=\"twitter:label1\" content=\"Written by\" \/>\n\t<meta name=\"twitter:data1\" content=\"Emilio Girino\" \/>\n\t<meta name=\"twitter:label2\" content=\"Est. reading time\" \/>\n\t<meta name=\"twitter:data2\" content=\"3 minutes\" \/>\n<script type=\"application\/ld+json\" class=\"yoast-schema-graph\">{\"@context\":\"https:\\\/\\\/schema.org\",\"@graph\":[{\"@type\":\"Article\",\"@id\":\"https:\\\/\\\/www.ghidini-associati.it\\\/en\\\/press-room\\\/column-considerazioni-inattuali\\\/rating-dopo-la-spallata-di-francoforte\\\/#article\",\"isPartOf\":{\"@id\":\"https:\\\/\\\/www.ghidini-associati.it\\\/en\\\/press-room\\\/column-considerazioni-inattuali\\\/rating-dopo-la-spallata-di-francoforte\\\/\"},\"author\":{\"name\":\"Emilio Girino\",\"@id\":\"https:\\\/\\\/www.ghidini-associati.it\\\/fr\\\/#\\\/schema\\\/person\\\/3b5d07c8d40b4229615fa815749b8716\"},\"headline\":\"Che fine faranno i rating dopo la spallata di Francoforte\",\"datePublished\":\"2020-05-30T07:40:27+00:00\",\"dateModified\":\"2020-06-04T08:36:34+00:00\",\"mainEntityOfPage\":{\"@id\":\"https:\\\/\\\/www.ghidini-associati.it\\\/en\\\/press-room\\\/column-considerazioni-inattuali\\\/rating-dopo-la-spallata-di-francoforte\\\/\"},\"wordCount\":546,\"publisher\":{\"@id\":\"https:\\\/\\\/www.ghidini-associati.it\\\/fr\\\/#organization\"},\"image\":{\"@id\":\"https:\\\/\\\/www.ghidini-associati.it\\\/en\\\/press-room\\\/column-considerazioni-inattuali\\\/rating-dopo-la-spallata-di-francoforte\\\/#primaryimage\"},\"thumbnailUrl\":\"https:\\\/\\\/www.ghidini-associati.it\\\/wp-content\\\/uploads\\\/2020\\\/06\\\/RATING1.jpg\",\"articleSection\":[\"MF 'Considerazioni inattuali'\"],\"inLanguage\":\"en-US\"},{\"@type\":\"WebPage\",\"@id\":\"https:\\\/\\\/www.ghidini-associati.it\\\/en\\\/press-room\\\/column-considerazioni-inattuali\\\/rating-dopo-la-spallata-di-francoforte\\\/\",\"url\":\"https:\\\/\\\/www.ghidini-associati.it\\\/en\\\/press-room\\\/column-considerazioni-inattuali\\\/rating-dopo-la-spallata-di-francoforte\\\/\",\"name\":\"Che fine faranno i rating dopo la spallata di Francoforte - Studio Ghidini, Girino &amp; Associati\",\"isPartOf\":{\"@id\":\"https:\\\/\\\/www.ghidini-associati.it\\\/fr\\\/#website\"},\"primaryImageOfPage\":{\"@id\":\"https:\\\/\\\/www.ghidini-associati.it\\\/en\\\/press-room\\\/column-considerazioni-inattuali\\\/rating-dopo-la-spallata-di-francoforte\\\/#primaryimage\"},\"image\":{\"@id\":\"https:\\\/\\\/www.ghidini-associati.it\\\/en\\\/press-room\\\/column-considerazioni-inattuali\\\/rating-dopo-la-spallata-di-francoforte\\\/#primaryimage\"},\"thumbnailUrl\":\"https:\\\/\\\/www.ghidini-associati.it\\\/wp-content\\\/uploads\\\/2020\\\/06\\\/RATING1.jpg\",\"datePublished\":\"2020-05-30T07:40:27+00:00\",\"dateModified\":\"2020-06-04T08:36:34+00:00\",\"description\":\"La Ue s'era impegnata per iscritto. \u00abL'Unione sta rivedendo tutti i riferimenti ai rating del credito per scopi regolamentari, con l'obiettivo di\",\"breadcrumb\":{\"@id\":\"https:\\\/\\\/www.ghidini-associati.it\\\/en\\\/press-room\\\/column-considerazioni-inattuali\\\/rating-dopo-la-spallata-di-francoforte\\\/#breadcrumb\"},\"inLanguage\":\"en-US\",\"potentialAction\":[{\"@type\":\"ReadAction\",\"target\":[\"https:\\\/\\\/www.ghidini-associati.it\\\/en\\\/press-room\\\/column-considerazioni-inattuali\\\/rating-dopo-la-spallata-di-francoforte\\\/\"]}]},{\"@type\":\"ImageObject\",\"inLanguage\":\"en-US\",\"@id\":\"https:\\\/\\\/www.ghidini-associati.it\\\/en\\\/press-room\\\/column-considerazioni-inattuali\\\/rating-dopo-la-spallata-di-francoforte\\\/#primaryimage\",\"url\":\"https:\\\/\\\/www.ghidini-associati.it\\\/wp-content\\\/uploads\\\/2020\\\/06\\\/RATING1.jpg\",\"contentUrl\":\"https:\\\/\\\/www.ghidini-associati.it\\\/wp-content\\\/uploads\\\/2020\\\/06\\\/RATING1.jpg\",\"width\":1024,\"height\":685},{\"@type\":\"BreadcrumbList\",\"@id\":\"https:\\\/\\\/www.ghidini-associati.it\\\/en\\\/press-room\\\/column-considerazioni-inattuali\\\/rating-dopo-la-spallata-di-francoforte\\\/#breadcrumb\",\"itemListElement\":[{\"@type\":\"ListItem\",\"position\":1,\"name\":\"Home\",\"item\":\"https:\\\/\\\/www.ghidini-associati.it\\\/en\\\/\"},{\"@type\":\"ListItem\",\"position\":2,\"name\":\"Press Room\",\"item\":\"https:\\\/\\\/www.ghidini-associati.it\\\/en\\\/category\\\/press-room\\\/\"},{\"@type\":\"ListItem\",\"position\":3,\"name\":\"MF 'Considerazioni inattuali'\",\"item\":\"https:\\\/\\\/www.ghidini-associati.it\\\/fr\\\/category\\\/presse\\\/colonne-considerazioni-inattuali\\\/\"},{\"@type\":\"ListItem\",\"position\":4,\"name\":\"Che fine faranno i rating dopo la spallata di Francoforte\"}]},{\"@type\":\"WebSite\",\"@id\":\"https:\\\/\\\/www.ghidini-associati.it\\\/fr\\\/#website\",\"url\":\"https:\\\/\\\/www.ghidini-associati.it\\\/fr\\\/\",\"name\":\"Studio Ghidini, Girino &amp; Associati\",\"description\":\"\",\"publisher\":{\"@id\":\"https:\\\/\\\/www.ghidini-associati.it\\\/fr\\\/#organization\"},\"potentialAction\":[{\"@type\":\"SearchAction\",\"target\":{\"@type\":\"EntryPoint\",\"urlTemplate\":\"https:\\\/\\\/www.ghidini-associati.it\\\/fr\\\/?s={search_term_string}\"},\"query-input\":{\"@type\":\"PropertyValueSpecification\",\"valueRequired\":true,\"valueName\":\"search_term_string\"}}],\"inLanguage\":\"en-US\"},{\"@type\":\"Organization\",\"@id\":\"https:\\\/\\\/www.ghidini-associati.it\\\/fr\\\/#organization\",\"name\":\"Studio Ghidini, Girino & Associati\",\"url\":\"https:\\\/\\\/www.ghidini-associati.it\\\/fr\\\/\",\"logo\":{\"@type\":\"ImageObject\",\"inLanguage\":\"en-US\",\"@id\":\"https:\\\/\\\/www.ghidini-associati.it\\\/fr\\\/#\\\/schema\\\/logo\\\/image\\\/\",\"url\":\"https:\\\/\\\/www.ghidini-associati.it\\\/wp-content\\\/uploads\\\/2019\\\/02\\\/logo-trasp-small.png\",\"contentUrl\":\"https:\\\/\\\/www.ghidini-associati.it\\\/wp-content\\\/uploads\\\/2019\\\/02\\\/logo-trasp-small.png\",\"width\":450,\"height\":84,\"caption\":\"Studio Ghidini, Girino & Associati\"},\"image\":{\"@id\":\"https:\\\/\\\/www.ghidini-associati.it\\\/fr\\\/#\\\/schema\\\/logo\\\/image\\\/\"}},{\"@type\":\"Person\",\"@id\":\"https:\\\/\\\/www.ghidini-associati.it\\\/fr\\\/#\\\/schema\\\/person\\\/3b5d07c8d40b4229615fa815749b8716\",\"name\":\"Emilio Girino\",\"image\":{\"@type\":\"ImageObject\",\"inLanguage\":\"en-US\",\"@id\":\"https:\\\/\\\/secure.gravatar.com\\\/avatar\\\/02469821bfee53ee34d2c4e8b5e6c6708af3f8e3a72342c672498f7616dc83a5?s=96&r=g\",\"url\":\"https:\\\/\\\/secure.gravatar.com\\\/avatar\\\/02469821bfee53ee34d2c4e8b5e6c6708af3f8e3a72342c672498f7616dc83a5?s=96&r=g\",\"contentUrl\":\"https:\\\/\\\/secure.gravatar.com\\\/avatar\\\/02469821bfee53ee34d2c4e8b5e6c6708af3f8e3a72342c672498f7616dc83a5?s=96&r=g\",\"caption\":\"Emilio Girino\"},\"description\":\"Nato a Casale Monferrato il 18 novembre 1962, alunno del Collegio Ghislieri, si \u00e8 laureato con lode all\u2019Universit\u00e0 di Pavia nel 1985. Allievo del Prof. Ghidini e suo stretto collaboratore da oltre trentacinque anni, \u00e8 divenuto socio dello Studio sin dalla sua fondazione e riveste il ruolo di managing partner. \u00c8 iscritto all\u2019ordine degli Avvocati di Milano dal 1990. Nell\u2019ambito dello Studio, si occupa prevalentemente delle problematiche bancarie, finanziarie, contrattuali, e societarie.\"}]}<\/script>\n<!-- \/ Yoast SEO plugin. -->","yoast_head_json":{"title":"Che fine faranno i rating dopo la spallata di Francoforte - Studio Ghidini, Girino &amp; Associati","description":"La Ue s'era impegnata per iscritto. \u00abL'Unione sta rivedendo tutti i riferimenti ai rating del credito per scopi regolamentari, con l'obiettivo di","robots":{"index":"index","follow":"follow","max-snippet":"max-snippet:-1","max-image-preview":"max-image-preview:large","max-video-preview":"max-video-preview:-1"},"canonical":"https:\/\/www.ghidini-associati.it\/en\/press-room\/column-considerazioni-inattuali\/rating-dopo-la-spallata-di-francoforte\/","og_locale":"en_US","og_type":"article","og_title":"Che fine faranno i rating dopo la spallata di Francoforte - Studio Ghidini, Girino &amp; Associati","og_description":"La Ue s'era impegnata per iscritto. \u00abL'Unione sta rivedendo tutti i riferimenti ai rating del credito per scopi regolamentari, con l'obiettivo di","og_url":"https:\/\/www.ghidini-associati.it\/en\/press-room\/column-considerazioni-inattuali\/rating-dopo-la-spallata-di-francoforte\/","og_site_name":"Studio Ghidini, Girino &amp; Associati","article_published_time":"2020-05-30T07:40:27+00:00","article_modified_time":"2020-06-04T08:36:34+00:00","og_image":[{"width":1024,"height":685,"url":"https:\/\/www.ghidini-associati.it\/wp-content\/uploads\/2020\/06\/RATING1.jpg","type":"image\/jpeg"}],"author":"Emilio Girino","twitter_card":"summary_large_image","twitter_misc":{"Written by":"Emilio Girino","Est. reading time":"3 minutes"},"schema":{"@context":"https:\/\/schema.org","@graph":[{"@type":"Article","@id":"https:\/\/www.ghidini-associati.it\/en\/press-room\/column-considerazioni-inattuali\/rating-dopo-la-spallata-di-francoforte\/#article","isPartOf":{"@id":"https:\/\/www.ghidini-associati.it\/en\/press-room\/column-considerazioni-inattuali\/rating-dopo-la-spallata-di-francoforte\/"},"author":{"name":"Emilio Girino","@id":"https:\/\/www.ghidini-associati.it\/fr\/#\/schema\/person\/3b5d07c8d40b4229615fa815749b8716"},"headline":"Che fine faranno i rating dopo la spallata di Francoforte","datePublished":"2020-05-30T07:40:27+00:00","dateModified":"2020-06-04T08:36:34+00:00","mainEntityOfPage":{"@id":"https:\/\/www.ghidini-associati.it\/en\/press-room\/column-considerazioni-inattuali\/rating-dopo-la-spallata-di-francoforte\/"},"wordCount":546,"publisher":{"@id":"https:\/\/www.ghidini-associati.it\/fr\/#organization"},"image":{"@id":"https:\/\/www.ghidini-associati.it\/en\/press-room\/column-considerazioni-inattuali\/rating-dopo-la-spallata-di-francoforte\/#primaryimage"},"thumbnailUrl":"https:\/\/www.ghidini-associati.it\/wp-content\/uploads\/2020\/06\/RATING1.jpg","articleSection":["MF 'Considerazioni inattuali'"],"inLanguage":"en-US"},{"@type":"WebPage","@id":"https:\/\/www.ghidini-associati.it\/en\/press-room\/column-considerazioni-inattuali\/rating-dopo-la-spallata-di-francoforte\/","url":"https:\/\/www.ghidini-associati.it\/en\/press-room\/column-considerazioni-inattuali\/rating-dopo-la-spallata-di-francoforte\/","name":"Che fine faranno i rating dopo la spallata di Francoforte - Studio Ghidini, Girino &amp; Associati","isPartOf":{"@id":"https:\/\/www.ghidini-associati.it\/fr\/#website"},"primaryImageOfPage":{"@id":"https:\/\/www.ghidini-associati.it\/en\/press-room\/column-considerazioni-inattuali\/rating-dopo-la-spallata-di-francoforte\/#primaryimage"},"image":{"@id":"https:\/\/www.ghidini-associati.it\/en\/press-room\/column-considerazioni-inattuali\/rating-dopo-la-spallata-di-francoforte\/#primaryimage"},"thumbnailUrl":"https:\/\/www.ghidini-associati.it\/wp-content\/uploads\/2020\/06\/RATING1.jpg","datePublished":"2020-05-30T07:40:27+00:00","dateModified":"2020-06-04T08:36:34+00:00","description":"La Ue s'era impegnata per iscritto. \u00abL'Unione sta rivedendo tutti i riferimenti ai rating del credito per scopi regolamentari, con l'obiettivo di","breadcrumb":{"@id":"https:\/\/www.ghidini-associati.it\/en\/press-room\/column-considerazioni-inattuali\/rating-dopo-la-spallata-di-francoforte\/#breadcrumb"},"inLanguage":"en-US","potentialAction":[{"@type":"ReadAction","target":["https:\/\/www.ghidini-associati.it\/en\/press-room\/column-considerazioni-inattuali\/rating-dopo-la-spallata-di-francoforte\/"]}]},{"@type":"ImageObject","inLanguage":"en-US","@id":"https:\/\/www.ghidini-associati.it\/en\/press-room\/column-considerazioni-inattuali\/rating-dopo-la-spallata-di-francoforte\/#primaryimage","url":"https:\/\/www.ghidini-associati.it\/wp-content\/uploads\/2020\/06\/RATING1.jpg","contentUrl":"https:\/\/www.ghidini-associati.it\/wp-content\/uploads\/2020\/06\/RATING1.jpg","width":1024,"height":685},{"@type":"BreadcrumbList","@id":"https:\/\/www.ghidini-associati.it\/en\/press-room\/column-considerazioni-inattuali\/rating-dopo-la-spallata-di-francoforte\/#breadcrumb","itemListElement":[{"@type":"ListItem","position":1,"name":"Home","item":"https:\/\/www.ghidini-associati.it\/en\/"},{"@type":"ListItem","position":2,"name":"Press Room","item":"https:\/\/www.ghidini-associati.it\/en\/category\/press-room\/"},{"@type":"ListItem","position":3,"name":"MF 'Considerazioni inattuali'","item":"https:\/\/www.ghidini-associati.it\/fr\/category\/presse\/colonne-considerazioni-inattuali\/"},{"@type":"ListItem","position":4,"name":"Che fine faranno i rating dopo la spallata di Francoforte"}]},{"@type":"WebSite","@id":"https:\/\/www.ghidini-associati.it\/fr\/#website","url":"https:\/\/www.ghidini-associati.it\/fr\/","name":"Studio Ghidini, Girino &amp; Associati","description":"","publisher":{"@id":"https:\/\/www.ghidini-associati.it\/fr\/#organization"},"potentialAction":[{"@type":"SearchAction","target":{"@type":"EntryPoint","urlTemplate":"https:\/\/www.ghidini-associati.it\/fr\/?s={search_term_string}"},"query-input":{"@type":"PropertyValueSpecification","valueRequired":true,"valueName":"search_term_string"}}],"inLanguage":"en-US"},{"@type":"Organization","@id":"https:\/\/www.ghidini-associati.it\/fr\/#organization","name":"Studio Ghidini, Girino & Associati","url":"https:\/\/www.ghidini-associati.it\/fr\/","logo":{"@type":"ImageObject","inLanguage":"en-US","@id":"https:\/\/www.ghidini-associati.it\/fr\/#\/schema\/logo\/image\/","url":"https:\/\/www.ghidini-associati.it\/wp-content\/uploads\/2019\/02\/logo-trasp-small.png","contentUrl":"https:\/\/www.ghidini-associati.it\/wp-content\/uploads\/2019\/02\/logo-trasp-small.png","width":450,"height":84,"caption":"Studio Ghidini, Girino & Associati"},"image":{"@id":"https:\/\/www.ghidini-associati.it\/fr\/#\/schema\/logo\/image\/"}},{"@type":"Person","@id":"https:\/\/www.ghidini-associati.it\/fr\/#\/schema\/person\/3b5d07c8d40b4229615fa815749b8716","name":"Emilio Girino","image":{"@type":"ImageObject","inLanguage":"en-US","@id":"https:\/\/secure.gravatar.com\/avatar\/02469821bfee53ee34d2c4e8b5e6c6708af3f8e3a72342c672498f7616dc83a5?s=96&r=g","url":"https:\/\/secure.gravatar.com\/avatar\/02469821bfee53ee34d2c4e8b5e6c6708af3f8e3a72342c672498f7616dc83a5?s=96&r=g","contentUrl":"https:\/\/secure.gravatar.com\/avatar\/02469821bfee53ee34d2c4e8b5e6c6708af3f8e3a72342c672498f7616dc83a5?s=96&r=g","caption":"Emilio Girino"},"description":"Nato a Casale Monferrato il 18 novembre 1962, alunno del Collegio Ghislieri, si \u00e8 laureato con lode all\u2019Universit\u00e0 di Pavia nel 1985. Allievo del Prof. Ghidini e suo stretto collaboratore da oltre trentacinque anni, \u00e8 divenuto socio dello Studio sin dalla sua fondazione e riveste il ruolo di managing partner. \u00c8 iscritto all\u2019ordine degli Avvocati di Milano dal 1990. Nell\u2019ambito dello Studio, si occupa prevalentemente delle problematiche bancarie, finanziarie, contrattuali, e societarie."}]}},"_links":{"self":[{"href":"https:\/\/www.ghidini-associati.it\/en\/wp-json\/wp\/v2\/posts\/5385","targetHints":{"allow":["GET"]}}],"collection":[{"href":"https:\/\/www.ghidini-associati.it\/en\/wp-json\/wp\/v2\/posts"}],"about":[{"href":"https:\/\/www.ghidini-associati.it\/en\/wp-json\/wp\/v2\/types\/post"}],"author":[{"embeddable":true,"href":"https:\/\/www.ghidini-associati.it\/en\/wp-json\/wp\/v2\/users\/5"}],"replies":[{"embeddable":true,"href":"https:\/\/www.ghidini-associati.it\/en\/wp-json\/wp\/v2\/comments?post=5385"}],"version-history":[{"count":0,"href":"https:\/\/www.ghidini-associati.it\/en\/wp-json\/wp\/v2\/posts\/5385\/revisions"}],"wp:featuredmedia":[{"embeddable":true,"href":"https:\/\/www.ghidini-associati.it\/en\/wp-json\/wp\/v2\/media\/5378"}],"wp:attachment":[{"href":"https:\/\/www.ghidini-associati.it\/en\/wp-json\/wp\/v2\/media?parent=5385"}],"wp:term":[{"taxonomy":"category","embeddable":true,"href":"https:\/\/www.ghidini-associati.it\/en\/wp-json\/wp\/v2\/categories?post=5385"},{"taxonomy":"post_tag","embeddable":true,"href":"https:\/\/www.ghidini-associati.it\/en\/wp-json\/wp\/v2\/tags?post=5385"}],"curies":[{"name":"wp","href":"https:\/\/api.w.org\/{rel}","templated":true}]}}