{"id":4722,"date":"2019-12-28T16:33:10","date_gmt":"2019-12-28T15:33:10","guid":{"rendered":"https:\/\/www.ghidini-associati.it\/news-en\/tre-degenerazioni-format-economico-mondiale\/"},"modified":"2020-01-11T16:57:05","modified_gmt":"2020-01-11T15:57:05","slug":"tre-degenerazioni-format-economico-mondiale","status":"publish","type":"post","link":"https:\/\/www.ghidini-associati.it\/en\/press-room\/milano-finanza-en\/tre-degenerazioni-format-economico-mondiale\/","title":{"rendered":"Le tre degenerazioni del format economico mondiale"},"content":{"rendered":"<p>Addensato, untuoso e aggrovigliato, nel 2019 il nodo \u00e8 venuto al pettine. Tralasciando un istante i perenni conflitti mediorientali, un\u2019indistinta, scoordinata ma potente corrente eversiva ha scosso il mondo, anche in luoghi insospettabili come focolai di sommossa: dalla Francia alla Bolivia, dall\u2019Ecuador ad Haiti, dalla Colombia a Hong Kong, dal Libano al Cile, dalla Catalogna al Sudan, dove gli individui allagano le piazze con una rabbia che tracima nella violenza ricevendo risposte ancor pi\u00f9 cruente ma impotenti.<br \/>\nSono persone normali, vicini di casa, non mercenari della guerriglia urbana, nel caso sudanese addirittura liberi professionisti esasperati contro i quali i miliziani hanno dovuto fare dietrofront.<\/p>\n<p>Troppo semplice incolpare la politica e la crisi della democrazia rappresentativa. Il trionfo mondiale dell\u2019inettitudine governativa non \u00e8 che il riflesso di un disagio pi\u00f9 profondo e diffuso, lo stesso che secondo il Censis fa inneggiare all\u2019uomo forte.<br \/>\nTroppo facile narrare, con algoritmica ottusit\u00e0, l\u2019aumento del gasolio francese o ecuadoregno o dei biglietti della metro cilena o l\u2019eccidio fiscale egiziano. Come ogni scintilla insurrezionale, i singoli episodi sono la piuma che sfascia il dorso del somaro sovraccarico. L\u2019avvelenata sorgente da cui sgorga il disastro non s\u2019alimenta d\u2019improvvise fiammate ideologiche o d\u2019impeti distopici. S\u2019abbevera a una concatenazione elementare che si spiega risolvendo l\u2019equazione: depauperamento diffuso = benessere perduto = deriva sociale = ribellione. Da ormai quasi un decennio i modelli economici si sono imbarbariti, ripudiando il sano capitalismo rooseveltiano, la prolifica logica del potere d\u2019acquisto delle masse saggiamente concepita per l\u2019incremento del benessere comune: trattasi non di socialismo utopista, ma di capitalismo lungimirante.<br \/>\nUna filosofia pseudo-efficientista sta invece trasformando le classi basse, medie, medio-alte in un rabbioso esercito di miserabili: in assenza di una rivoluzione eguale e contraria nel 2020 l\u2019attacco si sposter\u00e0 verso le classi alte.<br \/>\nCol pretesto d\u2019una crisi finanziaria i format economici oggi soffrono di tre degenerazioni letali.<\/p>\n<p><strong>Prima degenerazione<\/strong>: la contrazione dei costi a doppia velocit\u00e0. Demone poliforme e bizzarro, perch\u00e9 ridurre i costi equivale a licenziare, contrarre il pil, abbattere l\u2019apporto consumistico delle realt\u00e0 produttive. Le risorse aziendali non vanno certamente sperperate e ogni ristrutturazione implica tagli. Sennonch\u00e9 il taglio non avviene quasi mai con metodo lineare bens\u00ec finanziario. Cio\u00e8: non tutti gli strati della piramide aziendale soffrono in egual misura perch\u00e9 la sommatoria algebrica spesso fa s\u00ec che alla riduzione di reddito dei livelli inferiori non corrisponde eguale sacrificio di quelli proprietari e apicali: mentre i primi perdono molto, i secondi guadagnano come prima o poco meno se non di pi\u00f9. La sforbiciata unilaterale determina poi ripercussioni sulla filiera dell\u2019indotto, dove invece la forzata contrazione di costo spesso viene ripercossa in termini pi\u00f9 contenuti sui livelli minori e con sacrificio forte, se non maggiore, delle propriet\u00e0. \u00c8 a queste ultime, fortunatamente numerose e responsabili, piccole, medie e talora grandi realt\u00e0 che si deve per ora il contenimento dei fenomeni eversivi. <\/p>\n<p><strong>Seconda degenerazione<\/strong>: la globalizzazione a senso unico. L\u2019apertura dei mercati \u00e8 indispensabile alla crescita mondiale. Come sin qui applicata, per\u00f2, essa esponenzializza la diseguaglianza reddituale. Grazie a una serie di \u00abagevolazioni\u00bb (tutele sociali inesistenti, deprivazione di libert\u00e0 elementari, sottocosto del lavoro e tassazione privilegiata), la globalizzazione arricchisce i committenti, crea oligarchi, non genera veri ceti medi e peggiora il livello di povert\u00e0 (secondo l\u2019Oxfam, fra il 2015 e il 2018 il tasso annuo di riduzione della povert\u00e0 estrema \u00e8 sceso del 40%). Il divario sociale ne esce dilatato.<\/p>\n<p><strong>Terza degenerazione<\/strong>: il radicalismo digitale. L\u2019evoluzione tecnologica \u00e8 uno strumento irrinunciabile di crescita, almeno finch\u00e9 non degenera per divenire veicolo di depressione economica. Il trend tecnologico gira a una velocit\u00e0 nettamente superiore al reale bisogno. La somma \u00e8 sempre molto meno di zero e non migliora le vite, bens\u00ec le altera e le invade, distruggendo professionalit\u00e0, commerci, imprese, lavoro e persone. <\/p>\n<p>La somma di queste tre devianze conduce all\u2019opposto dell\u2019autentico obiettivo capitalistico: la ricchezza rende e prospera quando si diffonde, non quando si concentra. L\u2019eco-sostenibilit\u00e0 e l\u2019inclusione debbono misurarsi con i loro opposti: l\u2019insostenibilit\u00e0 reddituale e l\u2019esclusione sociale. Un mondo pi\u00f9 verde e multietnico ma sempre pi\u00f9 diffusamente povero sar\u00e0 instabile e a rischio perenne di rivolta. Qualcosa per\u00f2 si muove. \u00c8 di fine novembre la notizia della nascita di Athena, finanziata da George Soros e formata da associazioni, sindacati, editori, negozianti e movimenti di protesta. La coalizione ha dichiarato guerra all\u2019ipertrofia di Amazon, accusata d\u2019invadere ogni campo dell\u2019economia a prezzo di deprimenti condizioni retributive e lavorative di oltre 750 mila dipendenti. Troppo presto per trarre somme e concedere a Soros il laticlavio di white knight. Forse avr\u00e0 un suo personale tornaconto nel guerreggiare contro Bezos. Le vere rivoluzioni non le hanno mai fatte n\u00e9 i sanculotti n\u00e9 gli eroi delle idee, ma i borghesi depredati o in crisi.<\/p>\n<p><span class=\"fa fa-file-pdf-o\"> <a href=\"\/sala_stampa\/testata_milano_finanza\/2019_MF_12_28.pdf\" target=\"_blank\" rel=\"noopener noreferrer\">Scarica articolo in PDF<\/a><\/span><\/p>\n","protected":false},"excerpt":{"rendered":"<p>Addensato, untuoso e aggrovigliato, nel 2019 il nodo \u00e8 venuto al pettine. Tralasciando un istante i perenni conflitti mediorientali, un\u2019indistinta, scoordinata ma potente corrente eversiva ha scosso il mondo, anche in luoghi insospettabili come focolai di sommossa: dalla Francia alla Bolivia, dall\u2019Ecuador ad Haiti, dalla Colombia a Hong Kong, dal Libano al Cile, dalla Catalogna<\/p><\/div>\n<div class=\"blog-btn\"><a href=\"https:\/\/www.ghidini-associati.it\/en\/press-room\/milano-finanza-en\/tre-degenerazioni-format-economico-mondiale\/\" class=\"home-blog-btn\">Read More<\/a><\/p>\n","protected":false},"author":5,"featured_media":4700,"comment_status":"closed","ping_status":"closed","sticky":false,"template":"","format":"standard","meta":{"footnotes":""},"categories":[64],"tags":[],"class_list":["post-4722","post","type-post","status-publish","format-standard","has-post-thumbnail","hentry","category-milano-finanza-en"],"yoast_head":"<!-- This site is optimized with the Yoast SEO plugin v27.5 - https:\/\/yoast.com\/product\/yoast-seo-wordpress\/ -->\n<title>Le tre degenerazioni del format economico mondiale - Studio Ghidini, Girino &amp; Associati<\/title>\n<meta name=\"description\" content=\"Addensato, untuoso e aggrovigliato, nel 2019 il nodo \u00e8 venuto al pettine. Tralasciando un istante i perenni conflitti mediorientali, un\u2019indistinta,\" \/>\n<meta name=\"robots\" content=\"index, follow, max-snippet:-1, max-image-preview:large, max-video-preview:-1\" \/>\n<link rel=\"canonical\" href=\"https:\/\/www.ghidini-associati.it\/en\/press-room\/milano-finanza-en\/tre-degenerazioni-format-economico-mondiale\/\" \/>\n<meta property=\"og:locale\" content=\"en_US\" \/>\n<meta property=\"og:type\" content=\"article\" \/>\n<meta property=\"og:title\" content=\"Le tre degenerazioni del format economico mondiale - Studio Ghidini, Girino &amp; Associati\" \/>\n<meta property=\"og:description\" content=\"Addensato, untuoso e aggrovigliato, nel 2019 il nodo \u00e8 venuto al pettine. Tralasciando un istante i perenni conflitti mediorientali, un\u2019indistinta,\" \/>\n<meta property=\"og:url\" content=\"https:\/\/www.ghidini-associati.it\/en\/press-room\/milano-finanza-en\/tre-degenerazioni-format-economico-mondiale\/\" \/>\n<meta property=\"og:site_name\" content=\"Studio Ghidini, Girino &amp; Associati\" \/>\n<meta property=\"article:published_time\" content=\"2019-12-28T15:33:10+00:00\" \/>\n<meta property=\"article:modified_time\" content=\"2020-01-11T15:57:05+00:00\" \/>\n<meta property=\"og:image\" content=\"https:\/\/www.ghidini-associati.it\/wp-content\/uploads\/2020\/01\/Foto-Articolo-28_12_19.jpg\" \/>\n\t<meta property=\"og:image:width\" content=\"1280\" \/>\n\t<meta property=\"og:image:height\" content=\"853\" \/>\n\t<meta property=\"og:image:type\" content=\"image\/jpeg\" \/>\n<meta name=\"author\" content=\"Emilio Girino\" \/>\n<meta name=\"twitter:card\" content=\"summary_large_image\" \/>\n<meta name=\"twitter:label1\" content=\"Written by\" \/>\n\t<meta name=\"twitter:data1\" content=\"Emilio Girino\" \/>\n\t<meta name=\"twitter:label2\" content=\"Est. reading time\" \/>\n\t<meta name=\"twitter:data2\" content=\"4 minutes\" \/>\n<script type=\"application\/ld+json\" class=\"yoast-schema-graph\">{\"@context\":\"https:\\\/\\\/schema.org\",\"@graph\":[{\"@type\":\"Article\",\"@id\":\"https:\\\/\\\/www.ghidini-associati.it\\\/en\\\/press-room\\\/milano-finanza-en\\\/tre-degenerazioni-format-economico-mondiale\\\/#article\",\"isPartOf\":{\"@id\":\"https:\\\/\\\/www.ghidini-associati.it\\\/en\\\/press-room\\\/milano-finanza-en\\\/tre-degenerazioni-format-economico-mondiale\\\/\"},\"author\":{\"name\":\"Emilio Girino\",\"@id\":\"https:\\\/\\\/www.ghidini-associati.it\\\/fr\\\/#\\\/schema\\\/person\\\/3b5d07c8d40b4229615fa815749b8716\"},\"headline\":\"Le tre degenerazioni del format economico mondiale\",\"datePublished\":\"2019-12-28T15:33:10+00:00\",\"dateModified\":\"2020-01-11T15:57:05+00:00\",\"mainEntityOfPage\":{\"@id\":\"https:\\\/\\\/www.ghidini-associati.it\\\/en\\\/press-room\\\/milano-finanza-en\\\/tre-degenerazioni-format-economico-mondiale\\\/\"},\"wordCount\":800,\"publisher\":{\"@id\":\"https:\\\/\\\/www.ghidini-associati.it\\\/fr\\\/#organization\"},\"image\":{\"@id\":\"https:\\\/\\\/www.ghidini-associati.it\\\/en\\\/press-room\\\/milano-finanza-en\\\/tre-degenerazioni-format-economico-mondiale\\\/#primaryimage\"},\"thumbnailUrl\":\"https:\\\/\\\/www.ghidini-associati.it\\\/wp-content\\\/uploads\\\/2020\\\/01\\\/Foto-Articolo-28_12_19.jpg\",\"articleSection\":[\"Milano Finanza\"],\"inLanguage\":\"en-US\"},{\"@type\":\"WebPage\",\"@id\":\"https:\\\/\\\/www.ghidini-associati.it\\\/en\\\/press-room\\\/milano-finanza-en\\\/tre-degenerazioni-format-economico-mondiale\\\/\",\"url\":\"https:\\\/\\\/www.ghidini-associati.it\\\/en\\\/press-room\\\/milano-finanza-en\\\/tre-degenerazioni-format-economico-mondiale\\\/\",\"name\":\"Le tre degenerazioni del format economico mondiale - Studio Ghidini, Girino &amp; Associati\",\"isPartOf\":{\"@id\":\"https:\\\/\\\/www.ghidini-associati.it\\\/fr\\\/#website\"},\"primaryImageOfPage\":{\"@id\":\"https:\\\/\\\/www.ghidini-associati.it\\\/en\\\/press-room\\\/milano-finanza-en\\\/tre-degenerazioni-format-economico-mondiale\\\/#primaryimage\"},\"image\":{\"@id\":\"https:\\\/\\\/www.ghidini-associati.it\\\/en\\\/press-room\\\/milano-finanza-en\\\/tre-degenerazioni-format-economico-mondiale\\\/#primaryimage\"},\"thumbnailUrl\":\"https:\\\/\\\/www.ghidini-associati.it\\\/wp-content\\\/uploads\\\/2020\\\/01\\\/Foto-Articolo-28_12_19.jpg\",\"datePublished\":\"2019-12-28T15:33:10+00:00\",\"dateModified\":\"2020-01-11T15:57:05+00:00\",\"description\":\"Addensato, untuoso e aggrovigliato, nel 2019 il nodo \u00e8 venuto al pettine. Tralasciando un istante i perenni conflitti mediorientali, un\u2019indistinta,\",\"breadcrumb\":{\"@id\":\"https:\\\/\\\/www.ghidini-associati.it\\\/en\\\/press-room\\\/milano-finanza-en\\\/tre-degenerazioni-format-economico-mondiale\\\/#breadcrumb\"},\"inLanguage\":\"en-US\",\"potentialAction\":[{\"@type\":\"ReadAction\",\"target\":[\"https:\\\/\\\/www.ghidini-associati.it\\\/en\\\/press-room\\\/milano-finanza-en\\\/tre-degenerazioni-format-economico-mondiale\\\/\"]}]},{\"@type\":\"ImageObject\",\"inLanguage\":\"en-US\",\"@id\":\"https:\\\/\\\/www.ghidini-associati.it\\\/en\\\/press-room\\\/milano-finanza-en\\\/tre-degenerazioni-format-economico-mondiale\\\/#primaryimage\",\"url\":\"https:\\\/\\\/www.ghidini-associati.it\\\/wp-content\\\/uploads\\\/2020\\\/01\\\/Foto-Articolo-28_12_19.jpg\",\"contentUrl\":\"https:\\\/\\\/www.ghidini-associati.it\\\/wp-content\\\/uploads\\\/2020\\\/01\\\/Foto-Articolo-28_12_19.jpg\",\"width\":1280,\"height\":853},{\"@type\":\"BreadcrumbList\",\"@id\":\"https:\\\/\\\/www.ghidini-associati.it\\\/en\\\/press-room\\\/milano-finanza-en\\\/tre-degenerazioni-format-economico-mondiale\\\/#breadcrumb\",\"itemListElement\":[{\"@type\":\"ListItem\",\"position\":1,\"name\":\"Home\",\"item\":\"https:\\\/\\\/www.ghidini-associati.it\\\/en\\\/\"},{\"@type\":\"ListItem\",\"position\":2,\"name\":\"Press Room\",\"item\":\"https:\\\/\\\/www.ghidini-associati.it\\\/en\\\/category\\\/press-room\\\/\"},{\"@type\":\"ListItem\",\"position\":3,\"name\":\"Milano Finanza\",\"item\":\"https:\\\/\\\/www.ghidini-associati.it\\\/en\\\/category\\\/press-room\\\/milano-finanza-en\\\/\"},{\"@type\":\"ListItem\",\"position\":4,\"name\":\"Le tre degenerazioni del format economico mondiale\"}]},{\"@type\":\"WebSite\",\"@id\":\"https:\\\/\\\/www.ghidini-associati.it\\\/fr\\\/#website\",\"url\":\"https:\\\/\\\/www.ghidini-associati.it\\\/fr\\\/\",\"name\":\"Studio Ghidini, Girino &amp; Associati\",\"description\":\"\",\"publisher\":{\"@id\":\"https:\\\/\\\/www.ghidini-associati.it\\\/fr\\\/#organization\"},\"potentialAction\":[{\"@type\":\"SearchAction\",\"target\":{\"@type\":\"EntryPoint\",\"urlTemplate\":\"https:\\\/\\\/www.ghidini-associati.it\\\/fr\\\/?s={search_term_string}\"},\"query-input\":{\"@type\":\"PropertyValueSpecification\",\"valueRequired\":true,\"valueName\":\"search_term_string\"}}],\"inLanguage\":\"en-US\"},{\"@type\":\"Organization\",\"@id\":\"https:\\\/\\\/www.ghidini-associati.it\\\/fr\\\/#organization\",\"name\":\"Studio Ghidini, Girino & Associati\",\"url\":\"https:\\\/\\\/www.ghidini-associati.it\\\/fr\\\/\",\"logo\":{\"@type\":\"ImageObject\",\"inLanguage\":\"en-US\",\"@id\":\"https:\\\/\\\/www.ghidini-associati.it\\\/fr\\\/#\\\/schema\\\/logo\\\/image\\\/\",\"url\":\"https:\\\/\\\/www.ghidini-associati.it\\\/wp-content\\\/uploads\\\/2019\\\/02\\\/logo-trasp-small.png\",\"contentUrl\":\"https:\\\/\\\/www.ghidini-associati.it\\\/wp-content\\\/uploads\\\/2019\\\/02\\\/logo-trasp-small.png\",\"width\":450,\"height\":84,\"caption\":\"Studio Ghidini, Girino & Associati\"},\"image\":{\"@id\":\"https:\\\/\\\/www.ghidini-associati.it\\\/fr\\\/#\\\/schema\\\/logo\\\/image\\\/\"}},{\"@type\":\"Person\",\"@id\":\"https:\\\/\\\/www.ghidini-associati.it\\\/fr\\\/#\\\/schema\\\/person\\\/3b5d07c8d40b4229615fa815749b8716\",\"name\":\"Emilio Girino\",\"image\":{\"@type\":\"ImageObject\",\"inLanguage\":\"en-US\",\"@id\":\"https:\\\/\\\/secure.gravatar.com\\\/avatar\\\/02469821bfee53ee34d2c4e8b5e6c6708af3f8e3a72342c672498f7616dc83a5?s=96&r=g\",\"url\":\"https:\\\/\\\/secure.gravatar.com\\\/avatar\\\/02469821bfee53ee34d2c4e8b5e6c6708af3f8e3a72342c672498f7616dc83a5?s=96&r=g\",\"contentUrl\":\"https:\\\/\\\/secure.gravatar.com\\\/avatar\\\/02469821bfee53ee34d2c4e8b5e6c6708af3f8e3a72342c672498f7616dc83a5?s=96&r=g\",\"caption\":\"Emilio Girino\"},\"description\":\"Nato a Casale Monferrato il 18 novembre 1962, alunno del Collegio Ghislieri, si \u00e8 laureato con lode all\u2019Universit\u00e0 di Pavia nel 1985. Allievo del Prof. Ghidini e suo stretto collaboratore da oltre trentacinque anni, \u00e8 divenuto socio dello Studio sin dalla sua fondazione e riveste il ruolo di managing partner. \u00c8 iscritto all\u2019ordine degli Avvocati di Milano dal 1990. Nell\u2019ambito dello Studio, si occupa prevalentemente delle problematiche bancarie, finanziarie, contrattuali, e societarie.\"}]}<\/script>\n<!-- \/ Yoast SEO plugin. -->","yoast_head_json":{"title":"Le tre degenerazioni del format economico mondiale - Studio Ghidini, Girino &amp; Associati","description":"Addensato, untuoso e aggrovigliato, nel 2019 il nodo \u00e8 venuto al pettine. Tralasciando un istante i perenni conflitti mediorientali, un\u2019indistinta,","robots":{"index":"index","follow":"follow","max-snippet":"max-snippet:-1","max-image-preview":"max-image-preview:large","max-video-preview":"max-video-preview:-1"},"canonical":"https:\/\/www.ghidini-associati.it\/en\/press-room\/milano-finanza-en\/tre-degenerazioni-format-economico-mondiale\/","og_locale":"en_US","og_type":"article","og_title":"Le tre degenerazioni del format economico mondiale - Studio Ghidini, Girino &amp; Associati","og_description":"Addensato, untuoso e aggrovigliato, nel 2019 il nodo \u00e8 venuto al pettine. Tralasciando un istante i perenni conflitti mediorientali, un\u2019indistinta,","og_url":"https:\/\/www.ghidini-associati.it\/en\/press-room\/milano-finanza-en\/tre-degenerazioni-format-economico-mondiale\/","og_site_name":"Studio Ghidini, Girino &amp; Associati","article_published_time":"2019-12-28T15:33:10+00:00","article_modified_time":"2020-01-11T15:57:05+00:00","og_image":[{"width":1280,"height":853,"url":"https:\/\/www.ghidini-associati.it\/wp-content\/uploads\/2020\/01\/Foto-Articolo-28_12_19.jpg","type":"image\/jpeg"}],"author":"Emilio Girino","twitter_card":"summary_large_image","twitter_misc":{"Written by":"Emilio Girino","Est. reading time":"4 minutes"},"schema":{"@context":"https:\/\/schema.org","@graph":[{"@type":"Article","@id":"https:\/\/www.ghidini-associati.it\/en\/press-room\/milano-finanza-en\/tre-degenerazioni-format-economico-mondiale\/#article","isPartOf":{"@id":"https:\/\/www.ghidini-associati.it\/en\/press-room\/milano-finanza-en\/tre-degenerazioni-format-economico-mondiale\/"},"author":{"name":"Emilio Girino","@id":"https:\/\/www.ghidini-associati.it\/fr\/#\/schema\/person\/3b5d07c8d40b4229615fa815749b8716"},"headline":"Le tre degenerazioni del format economico mondiale","datePublished":"2019-12-28T15:33:10+00:00","dateModified":"2020-01-11T15:57:05+00:00","mainEntityOfPage":{"@id":"https:\/\/www.ghidini-associati.it\/en\/press-room\/milano-finanza-en\/tre-degenerazioni-format-economico-mondiale\/"},"wordCount":800,"publisher":{"@id":"https:\/\/www.ghidini-associati.it\/fr\/#organization"},"image":{"@id":"https:\/\/www.ghidini-associati.it\/en\/press-room\/milano-finanza-en\/tre-degenerazioni-format-economico-mondiale\/#primaryimage"},"thumbnailUrl":"https:\/\/www.ghidini-associati.it\/wp-content\/uploads\/2020\/01\/Foto-Articolo-28_12_19.jpg","articleSection":["Milano Finanza"],"inLanguage":"en-US"},{"@type":"WebPage","@id":"https:\/\/www.ghidini-associati.it\/en\/press-room\/milano-finanza-en\/tre-degenerazioni-format-economico-mondiale\/","url":"https:\/\/www.ghidini-associati.it\/en\/press-room\/milano-finanza-en\/tre-degenerazioni-format-economico-mondiale\/","name":"Le tre degenerazioni del format economico mondiale - Studio Ghidini, Girino &amp; Associati","isPartOf":{"@id":"https:\/\/www.ghidini-associati.it\/fr\/#website"},"primaryImageOfPage":{"@id":"https:\/\/www.ghidini-associati.it\/en\/press-room\/milano-finanza-en\/tre-degenerazioni-format-economico-mondiale\/#primaryimage"},"image":{"@id":"https:\/\/www.ghidini-associati.it\/en\/press-room\/milano-finanza-en\/tre-degenerazioni-format-economico-mondiale\/#primaryimage"},"thumbnailUrl":"https:\/\/www.ghidini-associati.it\/wp-content\/uploads\/2020\/01\/Foto-Articolo-28_12_19.jpg","datePublished":"2019-12-28T15:33:10+00:00","dateModified":"2020-01-11T15:57:05+00:00","description":"Addensato, untuoso e aggrovigliato, nel 2019 il nodo \u00e8 venuto al pettine. Tralasciando un istante i perenni conflitti mediorientali, un\u2019indistinta,","breadcrumb":{"@id":"https:\/\/www.ghidini-associati.it\/en\/press-room\/milano-finanza-en\/tre-degenerazioni-format-economico-mondiale\/#breadcrumb"},"inLanguage":"en-US","potentialAction":[{"@type":"ReadAction","target":["https:\/\/www.ghidini-associati.it\/en\/press-room\/milano-finanza-en\/tre-degenerazioni-format-economico-mondiale\/"]}]},{"@type":"ImageObject","inLanguage":"en-US","@id":"https:\/\/www.ghidini-associati.it\/en\/press-room\/milano-finanza-en\/tre-degenerazioni-format-economico-mondiale\/#primaryimage","url":"https:\/\/www.ghidini-associati.it\/wp-content\/uploads\/2020\/01\/Foto-Articolo-28_12_19.jpg","contentUrl":"https:\/\/www.ghidini-associati.it\/wp-content\/uploads\/2020\/01\/Foto-Articolo-28_12_19.jpg","width":1280,"height":853},{"@type":"BreadcrumbList","@id":"https:\/\/www.ghidini-associati.it\/en\/press-room\/milano-finanza-en\/tre-degenerazioni-format-economico-mondiale\/#breadcrumb","itemListElement":[{"@type":"ListItem","position":1,"name":"Home","item":"https:\/\/www.ghidini-associati.it\/en\/"},{"@type":"ListItem","position":2,"name":"Press Room","item":"https:\/\/www.ghidini-associati.it\/en\/category\/press-room\/"},{"@type":"ListItem","position":3,"name":"Milano Finanza","item":"https:\/\/www.ghidini-associati.it\/en\/category\/press-room\/milano-finanza-en\/"},{"@type":"ListItem","position":4,"name":"Le tre degenerazioni del format economico mondiale"}]},{"@type":"WebSite","@id":"https:\/\/www.ghidini-associati.it\/fr\/#website","url":"https:\/\/www.ghidini-associati.it\/fr\/","name":"Studio Ghidini, Girino &amp; Associati","description":"","publisher":{"@id":"https:\/\/www.ghidini-associati.it\/fr\/#organization"},"potentialAction":[{"@type":"SearchAction","target":{"@type":"EntryPoint","urlTemplate":"https:\/\/www.ghidini-associati.it\/fr\/?s={search_term_string}"},"query-input":{"@type":"PropertyValueSpecification","valueRequired":true,"valueName":"search_term_string"}}],"inLanguage":"en-US"},{"@type":"Organization","@id":"https:\/\/www.ghidini-associati.it\/fr\/#organization","name":"Studio Ghidini, Girino & Associati","url":"https:\/\/www.ghidini-associati.it\/fr\/","logo":{"@type":"ImageObject","inLanguage":"en-US","@id":"https:\/\/www.ghidini-associati.it\/fr\/#\/schema\/logo\/image\/","url":"https:\/\/www.ghidini-associati.it\/wp-content\/uploads\/2019\/02\/logo-trasp-small.png","contentUrl":"https:\/\/www.ghidini-associati.it\/wp-content\/uploads\/2019\/02\/logo-trasp-small.png","width":450,"height":84,"caption":"Studio Ghidini, Girino & Associati"},"image":{"@id":"https:\/\/www.ghidini-associati.it\/fr\/#\/schema\/logo\/image\/"}},{"@type":"Person","@id":"https:\/\/www.ghidini-associati.it\/fr\/#\/schema\/person\/3b5d07c8d40b4229615fa815749b8716","name":"Emilio Girino","image":{"@type":"ImageObject","inLanguage":"en-US","@id":"https:\/\/secure.gravatar.com\/avatar\/02469821bfee53ee34d2c4e8b5e6c6708af3f8e3a72342c672498f7616dc83a5?s=96&r=g","url":"https:\/\/secure.gravatar.com\/avatar\/02469821bfee53ee34d2c4e8b5e6c6708af3f8e3a72342c672498f7616dc83a5?s=96&r=g","contentUrl":"https:\/\/secure.gravatar.com\/avatar\/02469821bfee53ee34d2c4e8b5e6c6708af3f8e3a72342c672498f7616dc83a5?s=96&r=g","caption":"Emilio Girino"},"description":"Nato a Casale Monferrato il 18 novembre 1962, alunno del Collegio Ghislieri, si \u00e8 laureato con lode all\u2019Universit\u00e0 di Pavia nel 1985. Allievo del Prof. Ghidini e suo stretto collaboratore da oltre trentacinque anni, \u00e8 divenuto socio dello Studio sin dalla sua fondazione e riveste il ruolo di managing partner. \u00c8 iscritto all\u2019ordine degli Avvocati di Milano dal 1990. Nell\u2019ambito dello Studio, si occupa prevalentemente delle problematiche bancarie, finanziarie, contrattuali, e societarie."}]}},"_links":{"self":[{"href":"https:\/\/www.ghidini-associati.it\/en\/wp-json\/wp\/v2\/posts\/4722","targetHints":{"allow":["GET"]}}],"collection":[{"href":"https:\/\/www.ghidini-associati.it\/en\/wp-json\/wp\/v2\/posts"}],"about":[{"href":"https:\/\/www.ghidini-associati.it\/en\/wp-json\/wp\/v2\/types\/post"}],"author":[{"embeddable":true,"href":"https:\/\/www.ghidini-associati.it\/en\/wp-json\/wp\/v2\/users\/5"}],"replies":[{"embeddable":true,"href":"https:\/\/www.ghidini-associati.it\/en\/wp-json\/wp\/v2\/comments?post=4722"}],"version-history":[{"count":0,"href":"https:\/\/www.ghidini-associati.it\/en\/wp-json\/wp\/v2\/posts\/4722\/revisions"}],"wp:featuredmedia":[{"embeddable":true,"href":"https:\/\/www.ghidini-associati.it\/en\/wp-json\/wp\/v2\/media\/4700"}],"wp:attachment":[{"href":"https:\/\/www.ghidini-associati.it\/en\/wp-json\/wp\/v2\/media?parent=4722"}],"wp:term":[{"taxonomy":"category","embeddable":true,"href":"https:\/\/www.ghidini-associati.it\/en\/wp-json\/wp\/v2\/categories?post=4722"},{"taxonomy":"post_tag","embeddable":true,"href":"https:\/\/www.ghidini-associati.it\/en\/wp-json\/wp\/v2\/tags?post=4722"}],"curies":[{"name":"wp","href":"https:\/\/api.w.org\/{rel}","templated":true}]}}