{"id":11593,"date":"2025-12-27T19:03:25","date_gmt":"2025-12-27T18:03:25","guid":{"rendered":"https:\/\/www.ghidini-associati.it\/news-en\/alle-guerre-commerciali-si-risponde-ridando-il-primato-al-diritto\/"},"modified":"2026-01-05T19:18:23","modified_gmt":"2026-01-05T18:18:23","slug":"alle-guerre-commerciali-si-risponde-ridando-il-primato-al-diritto","status":"publish","type":"post","link":"https:\/\/www.ghidini-associati.it\/en\/press-room\/milano-finanza-en\/alle-guerre-commerciali-si-risponde-ridando-il-primato-al-diritto\/","title":{"rendered":"Alle guerre commerciali si risponde ridando il primato al diritto"},"content":{"rendered":"<p>Il 2025 sar\u00e0 ricordato come l&#8217;anno dei dazi? S\u00ec, \u00e8 molto probabile. Titoli, marchi, slogan e motti debbono per forza suonar laconici e impressivi. Per\u00f2 dazio \u00e8 una simbologia un po&#8217; semplicistica e riduttiva. A discolpa dell&#8217;inezia descrittiva soccorre il fatto che la politica gabellare innesca ulteriori meccanismi di intensa destabilizzazione economica e finanziaria in uno con il decadimento del diritto al libero scambio e anche del diritto stesso. <\/p>\n<p>I rapporti di forza contrattuale, del tutto fisiologici in qualunque negoziazione, tendono a trasformarsi in relazioni di forza pura e incontrollata, sostenute (se non promosse) da governi che entrano a gamba tesa nella competizione privata, capaci di alterare, di ristrutturare in negativo le normali logiche economiche attaccando frontalmente i sistemi monetari e finanziari. Assistiamo al crescere di una nuova, limacciosa e rovinosa ragion di Stato.<\/p>\n<p>Gli esempi purtroppo abbondano: dai dazi andirivieni alle pi\u00f9 o meno visibili nazionalizzazioni di grandi imprese, dalla creazione di stablecoin private alla perdurante e sostanziale non regolamentazione delle criptovalute, dalle pressioni sulle banche centrali per il taglio dei tassi alle ingerenze nelle politiche estere per forzare accaparramenti di risorse, dalle minacce commerciali sulla web tax al bersaglio demolitorio della disciplina sui servizi digitali. Non \u00e8 deregulation n\u00e9 no-regulation, \u00e8 un anti-regulation: l&#8217;antica, odiosa legge del pi\u00f9 forte, ossimoro contradditorio perch\u00e9, l\u00e0 dove si usi la forza pura, il diritto cessa di esistere. In breve, politica della coercizione.<br \/>\nI player mondiali di questo perverso gioco al massacro reciproco non fanno per\u00f2 i conti con l&#8217;implacabile oste chiamato conseguenza. Quella che gi\u00e0 ora si avverte chiara, nitida eppur ignorata. Un paio di questi effetti renderanno l&#8217;idea.<\/p>\n<p>\u00c8 in pieno corso un&#8217;inarrestabile \u00abdedollarizzazione\u00bb, una perdita di centralit\u00e0 del dollaro quale riserva di valore. I pi\u00f9 acuti analisti ce lo dimostrano. La salute del dollaro si misura con lo Us Index (Dxy), introdotto nel 1973 dopo la fine degli accordi di Bretton Woods. \u00c8 una media geometrica ponderata del valore della moneta americana rispetto a un paniere di altre valute (euro, che pesa per oltre il 57%, yen, sterlina, dollaro canadese, corona svedese e franco svizzero): da inizio 2025 \u00e8 sceso dell&#8217;8,5%.<\/p>\n<p>Perch\u00e9? Semplice, gli atti di forza del governo Trump generano incertezze, il debito americano \u00e8 salito a 38 trilioni, l&#8217;Amministrazione Usa vuole, in parte riuscendoci, che la Fed tagli i tassi, per moltissimi anni ai crolli di Wall Street corrispose la salita del Dxy (cedeva la borsa ma restava la fiducia nel dollaro), mentre nel 2025 lo S&amp;P500 e il Dxy hanno viaggiato pressoch\u00e9 di pari passo. Morale: il dollaro \u00e8 sempre meno percepito come un investimento-rifugio e di tanto nessuno deve rallegrarsi, poich\u00e9 la perdita di una valuta mondiale di riferimento \u00e8 un alto fattore di sovvertimento. Et\u00e0 dell&#8217;oro? S\u00ec ma dell&#8217;oro fisico, che quest&#8217;anno ha toccato 49 massimi storici sfondando la soglia di 4.500 dollari l&#8217;oncia. Risultato? La quota di riserve globali in dollari nel 2025 \u00e8 scesa al 56%, mentre le riserve complessive delle banche centrali registrano il 23% di investimenti in oro, percentuali mai registrate. Per la cronaca (dati 2024), l&#8217;Italia \u00e8 il terzo Paese al mondo con maggiori riserve auree (pi\u00f9 di 2.400 tonnellate), prima della Cina (6\u00b0 posto), della Svizzera (7\u00b0) e del Regno Unito (17\u00b0 con 310 tonnellate). Tecnologicamente similari alle criptovalute ma (teoricamente) meno esposte al rischio di volatilit\u00e0 in quanto supportate da asset finanziari solidi (titoli di Stati affidabili), le stablecoin affrontano un momento difficile.<\/p>\n<p>Ricorda Francesco Ninfole (Macrobussola, MF Newsletter 4\/12\/2025) che S&amp;P ha declassato Tether (emittente cripto su cui spesso si appoggiano le stablecoin provate) al livello pi\u00f9 basso per \u00abl&#8217;aumento dell&#8217;esposizione verso asset ad alto rischio nelle riserve\u00bb. L&#8217;emittente si \u00e8 infuriato per il giudizio, ma \u00e8 curioso che i bitcoin rappresentino il 5,6% delle riserve di Tether oltre il margine di sicurezza del 3,9%. Limiti o no, pu\u00f2 realisticamente il bitcoin, un asset-(pseudo)moneta sprovvisto di un&#8217;autorit\u00e0 centrale di garanzia, costituire una riserva di valore? Al di l\u00e0 del controverso caso specifico tutto da vagliare, i sistemi giuridici mondiali stanno di fatto ignorando il potenziale impatto distruttivo delle valute alternative sulla stabilit\u00e0 monetaria. Una conclusiva riflessione. Il diritto vive una profonda crisi di identit\u00e0 che si manifesta primariamente nella bulimia regolatrice.<\/p>\n<p>Non serve continuare a produrre pachidermiche normative che incatenano l&#8217;operativit\u00e0 locale ma non rispondono agli atti di forza esterni. N\u00e9 serve combattere le guerre economiche con atti di forza diseguale e contraria, quindi votati alla sconfitta. Occorre rivoluzionare alla radice il diritto internazionale, imporne il primato (pena, per chi lo violi, l&#8217;automatico ostracismo da ogni circuito economico-finanziario), ridare alle popolazioni la logica della sicurezza monetaria e al tempo stesso dotarle di mezzi semplici per gestire le valute legali a costi minimi, soccorrere le imprese catturate dagli egotismi statali per non cedervi, preservare l&#8217;economia sociale di mercato, restituire diritto al diritto. Indubbiamente non basteranno giuristi illuminati, che semmai saranno il braccio operativo di una nuova forza positiva. Una forza che vincer\u00e0 solo chiamando a s\u00e9 un&#8217;intellettualit\u00e0 superiore.<\/p>\n<p>Deve necessariamente nascere una potenza intellettuale dispersa nel globo ma unita nei fini. Certo non sar\u00e0 facile, ma senza questa spinta che nasca da umani dotati il rovescio non finir\u00e0. Purtroppo la pi\u00f9 parte della moderna intellighenzia non fa che prendere coscienza dei meri atti di forza e talvolta addirittura giustificarli. Scrisse un tempo un tale di nome Bulgakov che anche fra gli intellettuali capita di trovare individui di rara intelligenza. Gli intellettuali intelligenti si risveglino. Serve un vero atto di forza inversa. (riproduzione riservata)<br \/>\n(riproduzione riservata)<\/p>\n<p style=\"text-align: right;\"><b>\u00a0<\/b><br \/>\n<span class=\"fa fa-file-pdf-o\"><a href=\"\/sala_stampa\/testata_milano_finanza\/2025_MF_12_27.pdf\" target=\"_blank\" rel=\"noopener noreferrer\">articolo in PDF<\/a><\/span><\/p>\n","protected":false},"excerpt":{"rendered":"<p>Il 2025 sar\u00e0 ricordato come l&#8217;anno dei dazi? S\u00ec, \u00e8 molto probabile. Titoli, marchi, slogan e motti debbono per forza suonar laconici e impressivi. Per\u00f2 dazio \u00e8 una simbologia un po&#8217; semplicistica e riduttiva. A discolpa dell&#8217;inezia descrittiva soccorre il fatto che la politica gabellare innesca ulteriori meccanismi di intensa destabilizzazione economica e finanziaria in<\/p><\/div>\n<div class=\"blog-btn\"><a href=\"https:\/\/www.ghidini-associati.it\/en\/press-room\/milano-finanza-en\/alle-guerre-commerciali-si-risponde-ridando-il-primato-al-diritto\/\" class=\"home-blog-btn\">Read More<\/a><\/p>\n","protected":false},"author":2,"featured_media":11577,"comment_status":"closed","ping_status":"closed","sticky":false,"template":"","format":"standard","meta":{"footnotes":""},"categories":[64],"tags":[],"class_list":["post-11593","post","type-post","status-publish","format-standard","has-post-thumbnail","hentry","category-milano-finanza-en"],"yoast_head":"<!-- This site is optimized with the Yoast SEO plugin v27.5 - https:\/\/yoast.com\/product\/yoast-seo-wordpress\/ -->\n<title>Alle guerre commerciali si risponde ridando il primato al diritto - Studio Ghidini, Girino &amp; Associati<\/title>\n<meta name=\"description\" content=\"Il 2025 sar\u00e0 ricordato come l&#039;anno dei dazi? S\u00ec, \u00e8 molto probabile. Titoli, marchi, slogan e motti debbono per forza suonar laconici e impressivi. Per\u00f2\" \/>\n<meta name=\"robots\" content=\"index, follow, max-snippet:-1, max-image-preview:large, max-video-preview:-1\" \/>\n<link rel=\"canonical\" href=\"https:\/\/www.ghidini-associati.it\/en\/press-room\/milano-finanza-en\/alle-guerre-commerciali-si-risponde-ridando-il-primato-al-diritto\/\" \/>\n<meta property=\"og:locale\" content=\"en_US\" \/>\n<meta property=\"og:type\" content=\"article\" \/>\n<meta property=\"og:title\" content=\"Alle guerre commerciali si risponde ridando il primato al diritto - Studio Ghidini, Girino &amp; Associati\" \/>\n<meta property=\"og:description\" content=\"Il 2025 sar\u00e0 ricordato come l&#039;anno dei dazi? S\u00ec, \u00e8 molto probabile. Titoli, marchi, slogan e motti debbono per forza suonar laconici e impressivi. Per\u00f2\" \/>\n<meta property=\"og:url\" content=\"https:\/\/www.ghidini-associati.it\/en\/press-room\/milano-finanza-en\/alle-guerre-commerciali-si-risponde-ridando-il-primato-al-diritto\/\" \/>\n<meta property=\"og:site_name\" content=\"Studio Ghidini, Girino &amp; Associati\" \/>\n<meta property=\"article:published_time\" content=\"2025-12-27T18:03:25+00:00\" \/>\n<meta property=\"article:modified_time\" content=\"2026-01-05T18:18:23+00:00\" \/>\n<meta property=\"og:image\" content=\"https:\/\/www.ghidini-associati.it\/wp-content\/uploads\/2026\/01\/31.12.2025.12.jpg\" \/>\n\t<meta property=\"og:image:width\" content=\"1333\" \/>\n\t<meta property=\"og:image:height\" content=\"1333\" \/>\n\t<meta property=\"og:image:type\" content=\"image\/jpeg\" \/>\n<meta name=\"author\" content=\"Studio Ghidini, Girino &amp; Associati\" \/>\n<meta name=\"twitter:card\" content=\"summary_large_image\" \/>\n<meta name=\"twitter:label1\" content=\"Written by\" \/>\n\t<meta name=\"twitter:data1\" content=\"Studio Ghidini, Girino &amp; Associati\" \/>\n\t<meta name=\"twitter:label2\" content=\"Est. reading time\" \/>\n\t<meta name=\"twitter:data2\" content=\"6 minutes\" \/>\n<script type=\"application\/ld+json\" class=\"yoast-schema-graph\">{\"@context\":\"https:\\\/\\\/schema.org\",\"@graph\":[{\"@type\":\"Article\",\"@id\":\"https:\\\/\\\/www.ghidini-associati.it\\\/en\\\/press-room\\\/milano-finanza-en\\\/alle-guerre-commerciali-si-risponde-ridando-il-primato-al-diritto\\\/#article\",\"isPartOf\":{\"@id\":\"https:\\\/\\\/www.ghidini-associati.it\\\/en\\\/press-room\\\/milano-finanza-en\\\/alle-guerre-commerciali-si-risponde-ridando-il-primato-al-diritto\\\/\"},\"author\":{\"name\":\"Studio Ghidini, Girino &amp; Associati\",\"@id\":\"https:\\\/\\\/www.ghidini-associati.it\\\/fr\\\/#\\\/schema\\\/person\\\/6b4d2ba65a4bbb71b12151b74e13b909\"},\"headline\":\"Alle guerre commerciali si risponde ridando il primato al diritto\",\"datePublished\":\"2025-12-27T18:03:25+00:00\",\"dateModified\":\"2026-01-05T18:18:23+00:00\",\"mainEntityOfPage\":{\"@id\":\"https:\\\/\\\/www.ghidini-associati.it\\\/en\\\/press-room\\\/milano-finanza-en\\\/alle-guerre-commerciali-si-risponde-ridando-il-primato-al-diritto\\\/\"},\"wordCount\":913,\"publisher\":{\"@id\":\"https:\\\/\\\/www.ghidini-associati.it\\\/fr\\\/#organization\"},\"image\":{\"@id\":\"https:\\\/\\\/www.ghidini-associati.it\\\/en\\\/press-room\\\/milano-finanza-en\\\/alle-guerre-commerciali-si-risponde-ridando-il-primato-al-diritto\\\/#primaryimage\"},\"thumbnailUrl\":\"https:\\\/\\\/www.ghidini-associati.it\\\/wp-content\\\/uploads\\\/2026\\\/01\\\/31.12.2025.12.jpg\",\"articleSection\":[\"Milano Finanza\"],\"inLanguage\":\"en-US\"},{\"@type\":\"WebPage\",\"@id\":\"https:\\\/\\\/www.ghidini-associati.it\\\/en\\\/press-room\\\/milano-finanza-en\\\/alle-guerre-commerciali-si-risponde-ridando-il-primato-al-diritto\\\/\",\"url\":\"https:\\\/\\\/www.ghidini-associati.it\\\/en\\\/press-room\\\/milano-finanza-en\\\/alle-guerre-commerciali-si-risponde-ridando-il-primato-al-diritto\\\/\",\"name\":\"Alle guerre commerciali si risponde ridando il primato al diritto - Studio Ghidini, Girino &amp; Associati\",\"isPartOf\":{\"@id\":\"https:\\\/\\\/www.ghidini-associati.it\\\/fr\\\/#website\"},\"primaryImageOfPage\":{\"@id\":\"https:\\\/\\\/www.ghidini-associati.it\\\/en\\\/press-room\\\/milano-finanza-en\\\/alle-guerre-commerciali-si-risponde-ridando-il-primato-al-diritto\\\/#primaryimage\"},\"image\":{\"@id\":\"https:\\\/\\\/www.ghidini-associati.it\\\/en\\\/press-room\\\/milano-finanza-en\\\/alle-guerre-commerciali-si-risponde-ridando-il-primato-al-diritto\\\/#primaryimage\"},\"thumbnailUrl\":\"https:\\\/\\\/www.ghidini-associati.it\\\/wp-content\\\/uploads\\\/2026\\\/01\\\/31.12.2025.12.jpg\",\"datePublished\":\"2025-12-27T18:03:25+00:00\",\"dateModified\":\"2026-01-05T18:18:23+00:00\",\"description\":\"Il 2025 sar\u00e0 ricordato come l'anno dei dazi? S\u00ec, \u00e8 molto probabile. Titoli, marchi, slogan e motti debbono per forza suonar laconici e impressivi. Per\u00f2\",\"breadcrumb\":{\"@id\":\"https:\\\/\\\/www.ghidini-associati.it\\\/en\\\/press-room\\\/milano-finanza-en\\\/alle-guerre-commerciali-si-risponde-ridando-il-primato-al-diritto\\\/#breadcrumb\"},\"inLanguage\":\"en-US\",\"potentialAction\":[{\"@type\":\"ReadAction\",\"target\":[\"https:\\\/\\\/www.ghidini-associati.it\\\/en\\\/press-room\\\/milano-finanza-en\\\/alle-guerre-commerciali-si-risponde-ridando-il-primato-al-diritto\\\/\"]}]},{\"@type\":\"ImageObject\",\"inLanguage\":\"en-US\",\"@id\":\"https:\\\/\\\/www.ghidini-associati.it\\\/en\\\/press-room\\\/milano-finanza-en\\\/alle-guerre-commerciali-si-risponde-ridando-il-primato-al-diritto\\\/#primaryimage\",\"url\":\"https:\\\/\\\/www.ghidini-associati.it\\\/wp-content\\\/uploads\\\/2026\\\/01\\\/31.12.2025.12.jpg\",\"contentUrl\":\"https:\\\/\\\/www.ghidini-associati.it\\\/wp-content\\\/uploads\\\/2026\\\/01\\\/31.12.2025.12.jpg\",\"width\":1333,\"height\":1333},{\"@type\":\"BreadcrumbList\",\"@id\":\"https:\\\/\\\/www.ghidini-associati.it\\\/en\\\/press-room\\\/milano-finanza-en\\\/alle-guerre-commerciali-si-risponde-ridando-il-primato-al-diritto\\\/#breadcrumb\",\"itemListElement\":[{\"@type\":\"ListItem\",\"position\":1,\"name\":\"Home\",\"item\":\"https:\\\/\\\/www.ghidini-associati.it\\\/en\\\/\"},{\"@type\":\"ListItem\",\"position\":2,\"name\":\"Sala Stampa\",\"item\":\"https:\\\/\\\/www.ghidini-associati.it\\\/category\\\/sala-stampa\\\/\"},{\"@type\":\"ListItem\",\"position\":3,\"name\":\"Milano Finanza\",\"item\":\"https:\\\/\\\/www.ghidini-associati.it\\\/fr\\\/category\\\/presse\\\/milano-finanza-fr\\\/\"},{\"@type\":\"ListItem\",\"position\":4,\"name\":\"Alle guerre commerciali si risponde ridando il primato al diritto\"}]},{\"@type\":\"WebSite\",\"@id\":\"https:\\\/\\\/www.ghidini-associati.it\\\/fr\\\/#website\",\"url\":\"https:\\\/\\\/www.ghidini-associati.it\\\/fr\\\/\",\"name\":\"Studio Ghidini, Girino &amp; Associati\",\"description\":\"\",\"publisher\":{\"@id\":\"https:\\\/\\\/www.ghidini-associati.it\\\/fr\\\/#organization\"},\"potentialAction\":[{\"@type\":\"SearchAction\",\"target\":{\"@type\":\"EntryPoint\",\"urlTemplate\":\"https:\\\/\\\/www.ghidini-associati.it\\\/fr\\\/?s={search_term_string}\"},\"query-input\":{\"@type\":\"PropertyValueSpecification\",\"valueRequired\":true,\"valueName\":\"search_term_string\"}}],\"inLanguage\":\"en-US\"},{\"@type\":\"Organization\",\"@id\":\"https:\\\/\\\/www.ghidini-associati.it\\\/fr\\\/#organization\",\"name\":\"Studio Ghidini, Girino & Associati\",\"url\":\"https:\\\/\\\/www.ghidini-associati.it\\\/fr\\\/\",\"logo\":{\"@type\":\"ImageObject\",\"inLanguage\":\"en-US\",\"@id\":\"https:\\\/\\\/www.ghidini-associati.it\\\/fr\\\/#\\\/schema\\\/logo\\\/image\\\/\",\"url\":\"https:\\\/\\\/www.ghidini-associati.it\\\/wp-content\\\/uploads\\\/2019\\\/02\\\/logo-trasp-small.png\",\"contentUrl\":\"https:\\\/\\\/www.ghidini-associati.it\\\/wp-content\\\/uploads\\\/2019\\\/02\\\/logo-trasp-small.png\",\"width\":450,\"height\":84,\"caption\":\"Studio Ghidini, Girino & Associati\"},\"image\":{\"@id\":\"https:\\\/\\\/www.ghidini-associati.it\\\/fr\\\/#\\\/schema\\\/logo\\\/image\\\/\"}},{\"@type\":\"Person\",\"@id\":\"https:\\\/\\\/www.ghidini-associati.it\\\/fr\\\/#\\\/schema\\\/person\\\/6b4d2ba65a4bbb71b12151b74e13b909\",\"name\":\"Studio Ghidini, Girino &amp; Associati\",\"image\":{\"@type\":\"ImageObject\",\"inLanguage\":\"en-US\",\"@id\":\"https:\\\/\\\/secure.gravatar.com\\\/avatar\\\/6e9963f8594b87df00e8f11d4176170254d914951828e54a88aeb63e3fdc36b2?s=96&r=g\",\"url\":\"https:\\\/\\\/secure.gravatar.com\\\/avatar\\\/6e9963f8594b87df00e8f11d4176170254d914951828e54a88aeb63e3fdc36b2?s=96&r=g\",\"contentUrl\":\"https:\\\/\\\/secure.gravatar.com\\\/avatar\\\/6e9963f8594b87df00e8f11d4176170254d914951828e54a88aeb63e3fdc36b2?s=96&r=g\",\"caption\":\"Studio Ghidini, Girino &amp; Associati\"},\"description\":\"I Professionisti dello Studio Ghidini Girino e Associati sono chiamati quali relatori di convegni, rendono opinioni su problematiche giuridiche, economiche e finanziarie su primari quotidiani nazionali e su emittenti televisive specializzate.\"}]}<\/script>\n<!-- \/ Yoast SEO plugin. -->","yoast_head_json":{"title":"Alle guerre commerciali si risponde ridando il primato al diritto - Studio Ghidini, Girino &amp; Associati","description":"Il 2025 sar\u00e0 ricordato come l'anno dei dazi? S\u00ec, \u00e8 molto probabile. Titoli, marchi, slogan e motti debbono per forza suonar laconici e impressivi. Per\u00f2","robots":{"index":"index","follow":"follow","max-snippet":"max-snippet:-1","max-image-preview":"max-image-preview:large","max-video-preview":"max-video-preview:-1"},"canonical":"https:\/\/www.ghidini-associati.it\/en\/press-room\/milano-finanza-en\/alle-guerre-commerciali-si-risponde-ridando-il-primato-al-diritto\/","og_locale":"en_US","og_type":"article","og_title":"Alle guerre commerciali si risponde ridando il primato al diritto - Studio Ghidini, Girino &amp; Associati","og_description":"Il 2025 sar\u00e0 ricordato come l'anno dei dazi? S\u00ec, \u00e8 molto probabile. Titoli, marchi, slogan e motti debbono per forza suonar laconici e impressivi. Per\u00f2","og_url":"https:\/\/www.ghidini-associati.it\/en\/press-room\/milano-finanza-en\/alle-guerre-commerciali-si-risponde-ridando-il-primato-al-diritto\/","og_site_name":"Studio Ghidini, Girino &amp; Associati","article_published_time":"2025-12-27T18:03:25+00:00","article_modified_time":"2026-01-05T18:18:23+00:00","og_image":[{"width":1333,"height":1333,"url":"https:\/\/www.ghidini-associati.it\/wp-content\/uploads\/2026\/01\/31.12.2025.12.jpg","type":"image\/jpeg"}],"author":"Studio Ghidini, Girino &amp; Associati","twitter_card":"summary_large_image","twitter_misc":{"Written by":"Studio Ghidini, Girino &amp; Associati","Est. reading time":"6 minutes"},"schema":{"@context":"https:\/\/schema.org","@graph":[{"@type":"Article","@id":"https:\/\/www.ghidini-associati.it\/en\/press-room\/milano-finanza-en\/alle-guerre-commerciali-si-risponde-ridando-il-primato-al-diritto\/#article","isPartOf":{"@id":"https:\/\/www.ghidini-associati.it\/en\/press-room\/milano-finanza-en\/alle-guerre-commerciali-si-risponde-ridando-il-primato-al-diritto\/"},"author":{"name":"Studio Ghidini, Girino &amp; Associati","@id":"https:\/\/www.ghidini-associati.it\/fr\/#\/schema\/person\/6b4d2ba65a4bbb71b12151b74e13b909"},"headline":"Alle guerre commerciali si risponde ridando il primato al diritto","datePublished":"2025-12-27T18:03:25+00:00","dateModified":"2026-01-05T18:18:23+00:00","mainEntityOfPage":{"@id":"https:\/\/www.ghidini-associati.it\/en\/press-room\/milano-finanza-en\/alle-guerre-commerciali-si-risponde-ridando-il-primato-al-diritto\/"},"wordCount":913,"publisher":{"@id":"https:\/\/www.ghidini-associati.it\/fr\/#organization"},"image":{"@id":"https:\/\/www.ghidini-associati.it\/en\/press-room\/milano-finanza-en\/alle-guerre-commerciali-si-risponde-ridando-il-primato-al-diritto\/#primaryimage"},"thumbnailUrl":"https:\/\/www.ghidini-associati.it\/wp-content\/uploads\/2026\/01\/31.12.2025.12.jpg","articleSection":["Milano Finanza"],"inLanguage":"en-US"},{"@type":"WebPage","@id":"https:\/\/www.ghidini-associati.it\/en\/press-room\/milano-finanza-en\/alle-guerre-commerciali-si-risponde-ridando-il-primato-al-diritto\/","url":"https:\/\/www.ghidini-associati.it\/en\/press-room\/milano-finanza-en\/alle-guerre-commerciali-si-risponde-ridando-il-primato-al-diritto\/","name":"Alle guerre commerciali si risponde ridando il primato al diritto - Studio Ghidini, Girino &amp; Associati","isPartOf":{"@id":"https:\/\/www.ghidini-associati.it\/fr\/#website"},"primaryImageOfPage":{"@id":"https:\/\/www.ghidini-associati.it\/en\/press-room\/milano-finanza-en\/alle-guerre-commerciali-si-risponde-ridando-il-primato-al-diritto\/#primaryimage"},"image":{"@id":"https:\/\/www.ghidini-associati.it\/en\/press-room\/milano-finanza-en\/alle-guerre-commerciali-si-risponde-ridando-il-primato-al-diritto\/#primaryimage"},"thumbnailUrl":"https:\/\/www.ghidini-associati.it\/wp-content\/uploads\/2026\/01\/31.12.2025.12.jpg","datePublished":"2025-12-27T18:03:25+00:00","dateModified":"2026-01-05T18:18:23+00:00","description":"Il 2025 sar\u00e0 ricordato come l'anno dei dazi? S\u00ec, \u00e8 molto probabile. Titoli, marchi, slogan e motti debbono per forza suonar laconici e impressivi. Per\u00f2","breadcrumb":{"@id":"https:\/\/www.ghidini-associati.it\/en\/press-room\/milano-finanza-en\/alle-guerre-commerciali-si-risponde-ridando-il-primato-al-diritto\/#breadcrumb"},"inLanguage":"en-US","potentialAction":[{"@type":"ReadAction","target":["https:\/\/www.ghidini-associati.it\/en\/press-room\/milano-finanza-en\/alle-guerre-commerciali-si-risponde-ridando-il-primato-al-diritto\/"]}]},{"@type":"ImageObject","inLanguage":"en-US","@id":"https:\/\/www.ghidini-associati.it\/en\/press-room\/milano-finanza-en\/alle-guerre-commerciali-si-risponde-ridando-il-primato-al-diritto\/#primaryimage","url":"https:\/\/www.ghidini-associati.it\/wp-content\/uploads\/2026\/01\/31.12.2025.12.jpg","contentUrl":"https:\/\/www.ghidini-associati.it\/wp-content\/uploads\/2026\/01\/31.12.2025.12.jpg","width":1333,"height":1333},{"@type":"BreadcrumbList","@id":"https:\/\/www.ghidini-associati.it\/en\/press-room\/milano-finanza-en\/alle-guerre-commerciali-si-risponde-ridando-il-primato-al-diritto\/#breadcrumb","itemListElement":[{"@type":"ListItem","position":1,"name":"Home","item":"https:\/\/www.ghidini-associati.it\/en\/"},{"@type":"ListItem","position":2,"name":"Sala Stampa","item":"https:\/\/www.ghidini-associati.it\/category\/sala-stampa\/"},{"@type":"ListItem","position":3,"name":"Milano Finanza","item":"https:\/\/www.ghidini-associati.it\/fr\/category\/presse\/milano-finanza-fr\/"},{"@type":"ListItem","position":4,"name":"Alle guerre commerciali si risponde ridando il primato al diritto"}]},{"@type":"WebSite","@id":"https:\/\/www.ghidini-associati.it\/fr\/#website","url":"https:\/\/www.ghidini-associati.it\/fr\/","name":"Studio Ghidini, Girino &amp; Associati","description":"","publisher":{"@id":"https:\/\/www.ghidini-associati.it\/fr\/#organization"},"potentialAction":[{"@type":"SearchAction","target":{"@type":"EntryPoint","urlTemplate":"https:\/\/www.ghidini-associati.it\/fr\/?s={search_term_string}"},"query-input":{"@type":"PropertyValueSpecification","valueRequired":true,"valueName":"search_term_string"}}],"inLanguage":"en-US"},{"@type":"Organization","@id":"https:\/\/www.ghidini-associati.it\/fr\/#organization","name":"Studio Ghidini, Girino & Associati","url":"https:\/\/www.ghidini-associati.it\/fr\/","logo":{"@type":"ImageObject","inLanguage":"en-US","@id":"https:\/\/www.ghidini-associati.it\/fr\/#\/schema\/logo\/image\/","url":"https:\/\/www.ghidini-associati.it\/wp-content\/uploads\/2019\/02\/logo-trasp-small.png","contentUrl":"https:\/\/www.ghidini-associati.it\/wp-content\/uploads\/2019\/02\/logo-trasp-small.png","width":450,"height":84,"caption":"Studio Ghidini, Girino & Associati"},"image":{"@id":"https:\/\/www.ghidini-associati.it\/fr\/#\/schema\/logo\/image\/"}},{"@type":"Person","@id":"https:\/\/www.ghidini-associati.it\/fr\/#\/schema\/person\/6b4d2ba65a4bbb71b12151b74e13b909","name":"Studio Ghidini, Girino &amp; Associati","image":{"@type":"ImageObject","inLanguage":"en-US","@id":"https:\/\/secure.gravatar.com\/avatar\/6e9963f8594b87df00e8f11d4176170254d914951828e54a88aeb63e3fdc36b2?s=96&r=g","url":"https:\/\/secure.gravatar.com\/avatar\/6e9963f8594b87df00e8f11d4176170254d914951828e54a88aeb63e3fdc36b2?s=96&r=g","contentUrl":"https:\/\/secure.gravatar.com\/avatar\/6e9963f8594b87df00e8f11d4176170254d914951828e54a88aeb63e3fdc36b2?s=96&r=g","caption":"Studio Ghidini, Girino &amp; Associati"},"description":"I Professionisti dello Studio Ghidini Girino e Associati sono chiamati quali relatori di convegni, rendono opinioni su problematiche giuridiche, economiche e finanziarie su primari quotidiani nazionali e su emittenti televisive specializzate."}]}},"_links":{"self":[{"href":"https:\/\/www.ghidini-associati.it\/en\/wp-json\/wp\/v2\/posts\/11593","targetHints":{"allow":["GET"]}}],"collection":[{"href":"https:\/\/www.ghidini-associati.it\/en\/wp-json\/wp\/v2\/posts"}],"about":[{"href":"https:\/\/www.ghidini-associati.it\/en\/wp-json\/wp\/v2\/types\/post"}],"author":[{"embeddable":true,"href":"https:\/\/www.ghidini-associati.it\/en\/wp-json\/wp\/v2\/users\/2"}],"replies":[{"embeddable":true,"href":"https:\/\/www.ghidini-associati.it\/en\/wp-json\/wp\/v2\/comments?post=11593"}],"version-history":[{"count":1,"href":"https:\/\/www.ghidini-associati.it\/en\/wp-json\/wp\/v2\/posts\/11593\/revisions"}],"predecessor-version":[{"id":11595,"href":"https:\/\/www.ghidini-associati.it\/en\/wp-json\/wp\/v2\/posts\/11593\/revisions\/11595"}],"wp:featuredmedia":[{"embeddable":true,"href":"https:\/\/www.ghidini-associati.it\/en\/wp-json\/wp\/v2\/media\/11577"}],"wp:attachment":[{"href":"https:\/\/www.ghidini-associati.it\/en\/wp-json\/wp\/v2\/media?parent=11593"}],"wp:term":[{"taxonomy":"category","embeddable":true,"href":"https:\/\/www.ghidini-associati.it\/en\/wp-json\/wp\/v2\/categories?post=11593"},{"taxonomy":"post_tag","embeddable":true,"href":"https:\/\/www.ghidini-associati.it\/en\/wp-json\/wp\/v2\/tags?post=11593"}],"curies":[{"name":"wp","href":"https:\/\/api.w.org\/{rel}","templated":true}]}}