{"id":11587,"date":"2026-01-05T19:13:32","date_gmt":"2026-01-05T18:13:32","guid":{"rendered":"https:\/\/www.ghidini-associati.it\/news-en\/2026-lanno-in-cui-restituire-il-primato-al-diritto\/"},"modified":"2026-01-05T19:16:51","modified_gmt":"2026-01-05T18:16:51","slug":"2026-lanno-in-cui-restituire-il-primato-al-diritto","status":"publish","type":"post","link":"https:\/\/www.ghidini-associati.it\/en\/news-en\/2026-lanno-in-cui-restituire-il-primato-al-diritto\/","title":{"rendered":"2026, l\u2019anno in cui restituire il primato al diritto"},"content":{"rendered":"<p>La pubblicazione dell\u2019abituale consuntivo di fine anno di Emilio Girino su Milano Finanza \u2013 testata che ogni mese ospita la sua rubrica \u201cConsiderazioni inattuali\u201d \u2013 affronta questa volta uno dei nodi pi\u00f9 critici dell\u2019attuale scenario globale: il ritorno delle guerre commerciali e la progressiva erosione del diritto come principio regolatore dei rapporti economici internazionali.<br \/>\nL\u2019Avv. Girino muove dall\u2019idea che il 2025 possa essere ricordato come \u201cl\u2019anno dei dazi\u201d, ma invita subito a superare la semplificazione simbolica del termine.<br \/>\n<!--more--><br \/>\nDietro la retorica protezionistica, osserva, si sta affermando una dinamica pi\u00f9 profonda: la trasformazione dei rapporti economici in relazioni di forza pura, sostenute da interventi statali che alterano le regole del mercato e mettono in crisi l\u2019architettura giuridica su cui si fondava il commercio globale. \u00c8 in questo contesto che prende forma una nuova \u201cragion di Stato\u201d, opaca e aggressiva, che scardina il principio stesso di legalit\u00e0 economica.<\/p>\n<p>\u201cNon \u00e8 deregulation n\u00e9 no-regulation, \u00e8 anti-regulation\u201d, scrive Girino, descrivendo una deriva in cui la forza sostituisce il diritto e lo svuota di significato. Dalle pressioni sulle banche centrali alle interferenze nelle politiche monetarie, dalle guerre sui dazi alle destabilizzazioni dei mercati finanziari, il risultato \u00e8 una crescente incertezza sistemica. Emblematico, in questo senso, \u00e8 il fenomeno della dedollarizzazione: il dollaro perde progressivamente il suo ruolo di valuta rifugio, mentre l\u2019oro torna ad assumere centralit\u00e0 come riserva di valore, con effetti potenzialmente destabilizzanti sull\u2019equilibrio economico globale.<\/p>\n<p>L\u2019analisi si estende anche al mondo delle criptovalute e delle stablecoin, che secondo l\u2019Autore mostrano tutta la loro fragilit\u00e0 strutturale. Il recente declassamento di Tether e l\u2019elevata esposizione a asset rischiosi sollevano interrogativi sulla possibilit\u00e0 che strumenti privi di un\u2019autorit\u00e0 garante possano davvero assolvere una funzione monetaria stabile. In questo quadro, osserva l\u2019Avv. Girino, i sistemi giuridici sembrano incapaci di governare l\u2019impatto di valute alternative che minacciano la stabilit\u00e0 finanziaria senza offrire adeguate contropartite in termini di sicurezza.<\/p>\n<p>Il cuore della riflessione \u00e8 per\u00f2 politico e culturale. Di fronte a una \u201cbulimia regolatoria\u201d inefficace e a una competizione globale sempre pi\u00f9 aggressiva, l\u2019Autore invoca un ripensamento radicale del diritto internazionale, fondato sul suo primato effettivo e non solo dichiarato. Senza un ritorno a regole condivise e realmente vincolanti \u2013 avverte \u2013 il rischio \u00e8 quello di un progressivo svuotamento dell\u2019economia sociale di mercato e di una marginalizzazione delle societ\u00e0 pi\u00f9 esposte. Da qui l\u2019appello finale a una nuova responsabilit\u00e0 intellettuale, capace di contrastare la logica della forza con una rinnovata consapevolezza giuridica e culturale.<\/p>\n<p>\u201cIl diritto vive una profonda crisi di identit\u00e0 che si manifesta primariamente nella bulimia regolatrice\u201d, scrive l\u2019Avv. Girino. \u201cNon serve continuare a produrre pachidermiche normative che incatenano l\u2019operativit\u00e0 locale ma non rispondono agli atti di forza esterni. N\u00e9 serve combattere le guerre economiche con atti di forza diseguale e contraria, quindi votati alla sconfitta. Occorre rivoluzionare alla radice il diritto internazionale, imporne il primato, ridare alle popolazioni la logica della sicurezza monetaria e al tempo stesso dotarle di mezzi semplici per gestire le valute legali a costi minimi, soccorrere le imprese catturate dagli egotismi statali per non cedervi, preservare l\u2019economia sociale di mercato, restituire diritto al diritto\u201d.<\/p>\n<p>La versione integrale dell\u2019articolo dell\u2019Avv. Girino pu\u00f2 essere letta <a href=\"\/sala_stampa\/testata_milano_finanza\/2025_MF_12_27.pdf\">cliccando qui<\/a>. Nella Sala Stampa del nostro Sito \u00e8 possibile consultare l\u2019intero <a href=\"https:\/\/www.ghidini-associati.it\/en\/press-room\/column-considerazioni-inattuali\/\">archivio delle puntate di <em>Considerazioni inattuali<\/em> su Milano Finanza<\/a>, dal 2009 a oggi.<\/p>\n","protected":false},"excerpt":{"rendered":"<p>La pubblicazione dell\u2019abituale consuntivo di fine anno di Emilio Girino su Milano Finanza \u2013 testata che ogni mese ospita la sua rubrica \u201cConsiderazioni inattuali\u201d \u2013 affronta questa volta uno dei nodi pi\u00f9 critici dell\u2019attuale scenario globale: il ritorno delle guerre commerciali e la progressiva erosione del diritto come principio regolatore dei rapporti economici internazionali. L\u2019Avv.<\/p><\/div>\n<div class=\"blog-btn\"><a href=\"https:\/\/www.ghidini-associati.it\/en\/news-en\/2026-lanno-in-cui-restituire-il-primato-al-diritto\/\" class=\"home-blog-btn\">Read More<\/a><\/p>\n","protected":false},"author":2,"featured_media":11580,"comment_status":"closed","ping_status":"closed","sticky":false,"template":"","format":"standard","meta":{"footnotes":""},"categories":[64,2],"tags":[81],"class_list":["post-11587","post","type-post","status-publish","format-standard","has-post-thumbnail","hentry","category-milano-finanza-en","category-news-en","tag-news-en"],"yoast_head":"<!-- This site is optimized with the Yoast SEO plugin v27.5 - https:\/\/yoast.com\/product\/yoast-seo-wordpress\/ -->\n<title>2026, l\u2019anno in cui restituire il primato al diritto - Studio Ghidini, Girino &amp; Associati<\/title>\n<meta name=\"description\" content=\"La pubblicazione dell\u2019abituale consuntivo di fine anno di Emilio Girino su Milano Finanza \u2013 testata che ogni mese ospita la sua rubrica \u201cConsiderazioni\" \/>\n<meta name=\"robots\" content=\"index, follow, max-snippet:-1, max-image-preview:large, max-video-preview:-1\" \/>\n<link rel=\"canonical\" href=\"https:\/\/www.ghidini-associati.it\/en\/news-en\/2026-lanno-in-cui-restituire-il-primato-al-diritto\/\" \/>\n<meta property=\"og:locale\" content=\"en_US\" \/>\n<meta property=\"og:type\" content=\"article\" \/>\n<meta property=\"og:title\" content=\"2026, l\u2019anno in cui restituire il primato al diritto - Studio Ghidini, Girino &amp; Associati\" \/>\n<meta property=\"og:description\" content=\"La pubblicazione dell\u2019abituale consuntivo di fine anno di Emilio Girino su Milano Finanza \u2013 testata che ogni mese ospita la sua rubrica \u201cConsiderazioni\" \/>\n<meta property=\"og:url\" content=\"https:\/\/www.ghidini-associati.it\/en\/news-en\/2026-lanno-in-cui-restituire-il-primato-al-diritto\/\" \/>\n<meta property=\"og:site_name\" content=\"Studio Ghidini, Girino &amp; Associati\" \/>\n<meta property=\"article:published_time\" content=\"2026-01-05T18:13:32+00:00\" \/>\n<meta property=\"article:modified_time\" content=\"2026-01-05T18:16:51+00:00\" \/>\n<meta property=\"og:image\" content=\"https:\/\/www.ghidini-associati.it\/wp-content\/uploads\/2026\/01\/31.12.2025.1.jpg\" \/>\n\t<meta property=\"og:image:width\" content=\"1333\" \/>\n\t<meta property=\"og:image:height\" content=\"1333\" \/>\n\t<meta property=\"og:image:type\" content=\"image\/jpeg\" \/>\n<meta name=\"author\" content=\"Studio Ghidini, Girino &amp; Associati\" \/>\n<meta name=\"twitter:card\" content=\"summary_large_image\" \/>\n<meta name=\"twitter:label1\" content=\"Written by\" \/>\n\t<meta name=\"twitter:data1\" content=\"Studio Ghidini, Girino &amp; Associati\" \/>\n\t<meta name=\"twitter:label2\" content=\"Est. reading time\" \/>\n\t<meta name=\"twitter:data2\" content=\"4 minutes\" \/>\n<script type=\"application\/ld+json\" class=\"yoast-schema-graph\">{\"@context\":\"https:\\\/\\\/schema.org\",\"@graph\":[{\"@type\":\"Article\",\"@id\":\"https:\\\/\\\/www.ghidini-associati.it\\\/en\\\/news-en\\\/2026-lanno-in-cui-restituire-il-primato-al-diritto\\\/#article\",\"isPartOf\":{\"@id\":\"https:\\\/\\\/www.ghidini-associati.it\\\/en\\\/news-en\\\/2026-lanno-in-cui-restituire-il-primato-al-diritto\\\/\"},\"author\":{\"name\":\"Studio Ghidini, Girino &amp; Associati\",\"@id\":\"https:\\\/\\\/www.ghidini-associati.it\\\/fr\\\/#\\\/schema\\\/person\\\/6b4d2ba65a4bbb71b12151b74e13b909\"},\"headline\":\"2026, l\u2019anno in cui restituire il primato al diritto\",\"datePublished\":\"2026-01-05T18:13:32+00:00\",\"dateModified\":\"2026-01-05T18:16:51+00:00\",\"mainEntityOfPage\":{\"@id\":\"https:\\\/\\\/www.ghidini-associati.it\\\/en\\\/news-en\\\/2026-lanno-in-cui-restituire-il-primato-al-diritto\\\/\"},\"wordCount\":565,\"publisher\":{\"@id\":\"https:\\\/\\\/www.ghidini-associati.it\\\/fr\\\/#organization\"},\"image\":{\"@id\":\"https:\\\/\\\/www.ghidini-associati.it\\\/en\\\/news-en\\\/2026-lanno-in-cui-restituire-il-primato-al-diritto\\\/#primaryimage\"},\"thumbnailUrl\":\"https:\\\/\\\/www.ghidini-associati.it\\\/wp-content\\\/uploads\\\/2026\\\/01\\\/31.12.2025.1.jpg\",\"keywords\":[\"news-en\"],\"articleSection\":[\"Milano Finanza\",\"News\"],\"inLanguage\":\"en-US\"},{\"@type\":\"WebPage\",\"@id\":\"https:\\\/\\\/www.ghidini-associati.it\\\/en\\\/news-en\\\/2026-lanno-in-cui-restituire-il-primato-al-diritto\\\/\",\"url\":\"https:\\\/\\\/www.ghidini-associati.it\\\/en\\\/news-en\\\/2026-lanno-in-cui-restituire-il-primato-al-diritto\\\/\",\"name\":\"2026, l\u2019anno in cui restituire il primato al diritto - Studio Ghidini, Girino &amp; Associati\",\"isPartOf\":{\"@id\":\"https:\\\/\\\/www.ghidini-associati.it\\\/fr\\\/#website\"},\"primaryImageOfPage\":{\"@id\":\"https:\\\/\\\/www.ghidini-associati.it\\\/en\\\/news-en\\\/2026-lanno-in-cui-restituire-il-primato-al-diritto\\\/#primaryimage\"},\"image\":{\"@id\":\"https:\\\/\\\/www.ghidini-associati.it\\\/en\\\/news-en\\\/2026-lanno-in-cui-restituire-il-primato-al-diritto\\\/#primaryimage\"},\"thumbnailUrl\":\"https:\\\/\\\/www.ghidini-associati.it\\\/wp-content\\\/uploads\\\/2026\\\/01\\\/31.12.2025.1.jpg\",\"datePublished\":\"2026-01-05T18:13:32+00:00\",\"dateModified\":\"2026-01-05T18:16:51+00:00\",\"description\":\"La pubblicazione dell\u2019abituale consuntivo di fine anno di Emilio Girino su Milano Finanza \u2013 testata che ogni mese ospita la sua rubrica \u201cConsiderazioni\",\"breadcrumb\":{\"@id\":\"https:\\\/\\\/www.ghidini-associati.it\\\/en\\\/news-en\\\/2026-lanno-in-cui-restituire-il-primato-al-diritto\\\/#breadcrumb\"},\"inLanguage\":\"en-US\",\"potentialAction\":[{\"@type\":\"ReadAction\",\"target\":[\"https:\\\/\\\/www.ghidini-associati.it\\\/en\\\/news-en\\\/2026-lanno-in-cui-restituire-il-primato-al-diritto\\\/\"]}]},{\"@type\":\"ImageObject\",\"inLanguage\":\"en-US\",\"@id\":\"https:\\\/\\\/www.ghidini-associati.it\\\/en\\\/news-en\\\/2026-lanno-in-cui-restituire-il-primato-al-diritto\\\/#primaryimage\",\"url\":\"https:\\\/\\\/www.ghidini-associati.it\\\/wp-content\\\/uploads\\\/2026\\\/01\\\/31.12.2025.1.jpg\",\"contentUrl\":\"https:\\\/\\\/www.ghidini-associati.it\\\/wp-content\\\/uploads\\\/2026\\\/01\\\/31.12.2025.1.jpg\",\"width\":1333,\"height\":1333},{\"@type\":\"BreadcrumbList\",\"@id\":\"https:\\\/\\\/www.ghidini-associati.it\\\/en\\\/news-en\\\/2026-lanno-in-cui-restituire-il-primato-al-diritto\\\/#breadcrumb\",\"itemListElement\":[{\"@type\":\"ListItem\",\"position\":1,\"name\":\"Home\",\"item\":\"https:\\\/\\\/www.ghidini-associati.it\\\/en\\\/\"},{\"@type\":\"ListItem\",\"position\":2,\"name\":\"News\",\"item\":\"https:\\\/\\\/www.ghidini-associati.it\\\/fr\\\/category\\\/news-fr\\\/\"},{\"@type\":\"ListItem\",\"position\":3,\"name\":\"2026, l\u2019anno in cui restituire il primato al diritto\"}]},{\"@type\":\"WebSite\",\"@id\":\"https:\\\/\\\/www.ghidini-associati.it\\\/fr\\\/#website\",\"url\":\"https:\\\/\\\/www.ghidini-associati.it\\\/fr\\\/\",\"name\":\"Studio Ghidini, Girino &amp; Associati\",\"description\":\"\",\"publisher\":{\"@id\":\"https:\\\/\\\/www.ghidini-associati.it\\\/fr\\\/#organization\"},\"potentialAction\":[{\"@type\":\"SearchAction\",\"target\":{\"@type\":\"EntryPoint\",\"urlTemplate\":\"https:\\\/\\\/www.ghidini-associati.it\\\/fr\\\/?s={search_term_string}\"},\"query-input\":{\"@type\":\"PropertyValueSpecification\",\"valueRequired\":true,\"valueName\":\"search_term_string\"}}],\"inLanguage\":\"en-US\"},{\"@type\":\"Organization\",\"@id\":\"https:\\\/\\\/www.ghidini-associati.it\\\/fr\\\/#organization\",\"name\":\"Studio Ghidini, Girino & Associati\",\"url\":\"https:\\\/\\\/www.ghidini-associati.it\\\/fr\\\/\",\"logo\":{\"@type\":\"ImageObject\",\"inLanguage\":\"en-US\",\"@id\":\"https:\\\/\\\/www.ghidini-associati.it\\\/fr\\\/#\\\/schema\\\/logo\\\/image\\\/\",\"url\":\"https:\\\/\\\/www.ghidini-associati.it\\\/wp-content\\\/uploads\\\/2019\\\/02\\\/logo-trasp-small.png\",\"contentUrl\":\"https:\\\/\\\/www.ghidini-associati.it\\\/wp-content\\\/uploads\\\/2019\\\/02\\\/logo-trasp-small.png\",\"width\":450,\"height\":84,\"caption\":\"Studio Ghidini, Girino & Associati\"},\"image\":{\"@id\":\"https:\\\/\\\/www.ghidini-associati.it\\\/fr\\\/#\\\/schema\\\/logo\\\/image\\\/\"}},{\"@type\":\"Person\",\"@id\":\"https:\\\/\\\/www.ghidini-associati.it\\\/fr\\\/#\\\/schema\\\/person\\\/6b4d2ba65a4bbb71b12151b74e13b909\",\"name\":\"Studio Ghidini, Girino &amp; Associati\",\"image\":{\"@type\":\"ImageObject\",\"inLanguage\":\"en-US\",\"@id\":\"https:\\\/\\\/secure.gravatar.com\\\/avatar\\\/6e9963f8594b87df00e8f11d4176170254d914951828e54a88aeb63e3fdc36b2?s=96&r=g\",\"url\":\"https:\\\/\\\/secure.gravatar.com\\\/avatar\\\/6e9963f8594b87df00e8f11d4176170254d914951828e54a88aeb63e3fdc36b2?s=96&r=g\",\"contentUrl\":\"https:\\\/\\\/secure.gravatar.com\\\/avatar\\\/6e9963f8594b87df00e8f11d4176170254d914951828e54a88aeb63e3fdc36b2?s=96&r=g\",\"caption\":\"Studio Ghidini, Girino &amp; Associati\"},\"description\":\"I Professionisti dello Studio Ghidini Girino e Associati sono chiamati quali relatori di convegni, rendono opinioni su problematiche giuridiche, economiche e finanziarie su primari quotidiani nazionali e su emittenti televisive specializzate.\"}]}<\/script>\n<!-- \/ Yoast SEO plugin. -->","yoast_head_json":{"title":"2026, l\u2019anno in cui restituire il primato al diritto - Studio Ghidini, Girino &amp; Associati","description":"La pubblicazione dell\u2019abituale consuntivo di fine anno di Emilio Girino su Milano Finanza \u2013 testata che ogni mese ospita la sua rubrica \u201cConsiderazioni","robots":{"index":"index","follow":"follow","max-snippet":"max-snippet:-1","max-image-preview":"max-image-preview:large","max-video-preview":"max-video-preview:-1"},"canonical":"https:\/\/www.ghidini-associati.it\/en\/news-en\/2026-lanno-in-cui-restituire-il-primato-al-diritto\/","og_locale":"en_US","og_type":"article","og_title":"2026, l\u2019anno in cui restituire il primato al diritto - Studio Ghidini, Girino &amp; Associati","og_description":"La pubblicazione dell\u2019abituale consuntivo di fine anno di Emilio Girino su Milano Finanza \u2013 testata che ogni mese ospita la sua rubrica \u201cConsiderazioni","og_url":"https:\/\/www.ghidini-associati.it\/en\/news-en\/2026-lanno-in-cui-restituire-il-primato-al-diritto\/","og_site_name":"Studio Ghidini, Girino &amp; Associati","article_published_time":"2026-01-05T18:13:32+00:00","article_modified_time":"2026-01-05T18:16:51+00:00","og_image":[{"width":1333,"height":1333,"url":"https:\/\/www.ghidini-associati.it\/wp-content\/uploads\/2026\/01\/31.12.2025.1.jpg","type":"image\/jpeg"}],"author":"Studio Ghidini, Girino &amp; Associati","twitter_card":"summary_large_image","twitter_misc":{"Written by":"Studio Ghidini, Girino &amp; Associati","Est. reading time":"4 minutes"},"schema":{"@context":"https:\/\/schema.org","@graph":[{"@type":"Article","@id":"https:\/\/www.ghidini-associati.it\/en\/news-en\/2026-lanno-in-cui-restituire-il-primato-al-diritto\/#article","isPartOf":{"@id":"https:\/\/www.ghidini-associati.it\/en\/news-en\/2026-lanno-in-cui-restituire-il-primato-al-diritto\/"},"author":{"name":"Studio Ghidini, Girino &amp; Associati","@id":"https:\/\/www.ghidini-associati.it\/fr\/#\/schema\/person\/6b4d2ba65a4bbb71b12151b74e13b909"},"headline":"2026, l\u2019anno in cui restituire il primato al diritto","datePublished":"2026-01-05T18:13:32+00:00","dateModified":"2026-01-05T18:16:51+00:00","mainEntityOfPage":{"@id":"https:\/\/www.ghidini-associati.it\/en\/news-en\/2026-lanno-in-cui-restituire-il-primato-al-diritto\/"},"wordCount":565,"publisher":{"@id":"https:\/\/www.ghidini-associati.it\/fr\/#organization"},"image":{"@id":"https:\/\/www.ghidini-associati.it\/en\/news-en\/2026-lanno-in-cui-restituire-il-primato-al-diritto\/#primaryimage"},"thumbnailUrl":"https:\/\/www.ghidini-associati.it\/wp-content\/uploads\/2026\/01\/31.12.2025.1.jpg","keywords":["news-en"],"articleSection":["Milano Finanza","News"],"inLanguage":"en-US"},{"@type":"WebPage","@id":"https:\/\/www.ghidini-associati.it\/en\/news-en\/2026-lanno-in-cui-restituire-il-primato-al-diritto\/","url":"https:\/\/www.ghidini-associati.it\/en\/news-en\/2026-lanno-in-cui-restituire-il-primato-al-diritto\/","name":"2026, l\u2019anno in cui restituire il primato al diritto - Studio Ghidini, Girino &amp; Associati","isPartOf":{"@id":"https:\/\/www.ghidini-associati.it\/fr\/#website"},"primaryImageOfPage":{"@id":"https:\/\/www.ghidini-associati.it\/en\/news-en\/2026-lanno-in-cui-restituire-il-primato-al-diritto\/#primaryimage"},"image":{"@id":"https:\/\/www.ghidini-associati.it\/en\/news-en\/2026-lanno-in-cui-restituire-il-primato-al-diritto\/#primaryimage"},"thumbnailUrl":"https:\/\/www.ghidini-associati.it\/wp-content\/uploads\/2026\/01\/31.12.2025.1.jpg","datePublished":"2026-01-05T18:13:32+00:00","dateModified":"2026-01-05T18:16:51+00:00","description":"La pubblicazione dell\u2019abituale consuntivo di fine anno di Emilio Girino su Milano Finanza \u2013 testata che ogni mese ospita la sua rubrica \u201cConsiderazioni","breadcrumb":{"@id":"https:\/\/www.ghidini-associati.it\/en\/news-en\/2026-lanno-in-cui-restituire-il-primato-al-diritto\/#breadcrumb"},"inLanguage":"en-US","potentialAction":[{"@type":"ReadAction","target":["https:\/\/www.ghidini-associati.it\/en\/news-en\/2026-lanno-in-cui-restituire-il-primato-al-diritto\/"]}]},{"@type":"ImageObject","inLanguage":"en-US","@id":"https:\/\/www.ghidini-associati.it\/en\/news-en\/2026-lanno-in-cui-restituire-il-primato-al-diritto\/#primaryimage","url":"https:\/\/www.ghidini-associati.it\/wp-content\/uploads\/2026\/01\/31.12.2025.1.jpg","contentUrl":"https:\/\/www.ghidini-associati.it\/wp-content\/uploads\/2026\/01\/31.12.2025.1.jpg","width":1333,"height":1333},{"@type":"BreadcrumbList","@id":"https:\/\/www.ghidini-associati.it\/en\/news-en\/2026-lanno-in-cui-restituire-il-primato-al-diritto\/#breadcrumb","itemListElement":[{"@type":"ListItem","position":1,"name":"Home","item":"https:\/\/www.ghidini-associati.it\/en\/"},{"@type":"ListItem","position":2,"name":"News","item":"https:\/\/www.ghidini-associati.it\/fr\/category\/news-fr\/"},{"@type":"ListItem","position":3,"name":"2026, l\u2019anno in cui restituire il primato al diritto"}]},{"@type":"WebSite","@id":"https:\/\/www.ghidini-associati.it\/fr\/#website","url":"https:\/\/www.ghidini-associati.it\/fr\/","name":"Studio Ghidini, Girino &amp; Associati","description":"","publisher":{"@id":"https:\/\/www.ghidini-associati.it\/fr\/#organization"},"potentialAction":[{"@type":"SearchAction","target":{"@type":"EntryPoint","urlTemplate":"https:\/\/www.ghidini-associati.it\/fr\/?s={search_term_string}"},"query-input":{"@type":"PropertyValueSpecification","valueRequired":true,"valueName":"search_term_string"}}],"inLanguage":"en-US"},{"@type":"Organization","@id":"https:\/\/www.ghidini-associati.it\/fr\/#organization","name":"Studio Ghidini, Girino & Associati","url":"https:\/\/www.ghidini-associati.it\/fr\/","logo":{"@type":"ImageObject","inLanguage":"en-US","@id":"https:\/\/www.ghidini-associati.it\/fr\/#\/schema\/logo\/image\/","url":"https:\/\/www.ghidini-associati.it\/wp-content\/uploads\/2019\/02\/logo-trasp-small.png","contentUrl":"https:\/\/www.ghidini-associati.it\/wp-content\/uploads\/2019\/02\/logo-trasp-small.png","width":450,"height":84,"caption":"Studio Ghidini, Girino & Associati"},"image":{"@id":"https:\/\/www.ghidini-associati.it\/fr\/#\/schema\/logo\/image\/"}},{"@type":"Person","@id":"https:\/\/www.ghidini-associati.it\/fr\/#\/schema\/person\/6b4d2ba65a4bbb71b12151b74e13b909","name":"Studio Ghidini, Girino &amp; Associati","image":{"@type":"ImageObject","inLanguage":"en-US","@id":"https:\/\/secure.gravatar.com\/avatar\/6e9963f8594b87df00e8f11d4176170254d914951828e54a88aeb63e3fdc36b2?s=96&r=g","url":"https:\/\/secure.gravatar.com\/avatar\/6e9963f8594b87df00e8f11d4176170254d914951828e54a88aeb63e3fdc36b2?s=96&r=g","contentUrl":"https:\/\/secure.gravatar.com\/avatar\/6e9963f8594b87df00e8f11d4176170254d914951828e54a88aeb63e3fdc36b2?s=96&r=g","caption":"Studio Ghidini, Girino &amp; Associati"},"description":"I Professionisti dello Studio Ghidini Girino e Associati sono chiamati quali relatori di convegni, rendono opinioni su problematiche giuridiche, economiche e finanziarie su primari quotidiani nazionali e su emittenti televisive specializzate."}]}},"_links":{"self":[{"href":"https:\/\/www.ghidini-associati.it\/en\/wp-json\/wp\/v2\/posts\/11587","targetHints":{"allow":["GET"]}}],"collection":[{"href":"https:\/\/www.ghidini-associati.it\/en\/wp-json\/wp\/v2\/posts"}],"about":[{"href":"https:\/\/www.ghidini-associati.it\/en\/wp-json\/wp\/v2\/types\/post"}],"author":[{"embeddable":true,"href":"https:\/\/www.ghidini-associati.it\/en\/wp-json\/wp\/v2\/users\/2"}],"replies":[{"embeddable":true,"href":"https:\/\/www.ghidini-associati.it\/en\/wp-json\/wp\/v2\/comments?post=11587"}],"version-history":[{"count":1,"href":"https:\/\/www.ghidini-associati.it\/en\/wp-json\/wp\/v2\/posts\/11587\/revisions"}],"predecessor-version":[{"id":11589,"href":"https:\/\/www.ghidini-associati.it\/en\/wp-json\/wp\/v2\/posts\/11587\/revisions\/11589"}],"wp:featuredmedia":[{"embeddable":true,"href":"https:\/\/www.ghidini-associati.it\/en\/wp-json\/wp\/v2\/media\/11580"}],"wp:attachment":[{"href":"https:\/\/www.ghidini-associati.it\/en\/wp-json\/wp\/v2\/media?parent=11587"}],"wp:term":[{"taxonomy":"category","embeddable":true,"href":"https:\/\/www.ghidini-associati.it\/en\/wp-json\/wp\/v2\/categories?post=11587"},{"taxonomy":"post_tag","embeddable":true,"href":"https:\/\/www.ghidini-associati.it\/en\/wp-json\/wp\/v2\/tags?post=11587"}],"curies":[{"name":"wp","href":"https:\/\/api.w.org\/{rel}","templated":true}]}}